{"id":9614,"date":"2024-06-05T17:07:23","date_gmt":"2024-06-05T15:07:23","guid":{"rendered":"https:\/\/www.cvs-avocats.com\/?p=9614"},"modified":"2024-06-06T09:50:15","modified_gmt":"2024-06-06T07:50:15","slug":"lbo-acces-industrie","status":"publish","type":"post","link":"https:\/\/www.cvs-avocats.com\/fr\/lbo-acces-industrie\/","title":{"rendered":"Cornet Vincent S\u00e9gurel accompagne les investisseurs minoritaires pour le LBO ter d&rsquo;Acces Industrie"},"content":{"rendered":"\n<div class=\"wp-block-group\"><div class=\"wp-block-group__inner-container is-layout-constrained wp-block-group-is-layout-constrained\">\n<p>Acces Industrie, groupe originaire du Lot-et-Garonne (Tonneins) sp\u00e9cialis\u00e9 dans la location de nacelles, passe sous le contr\u00f4le de Delmas Investissements et Participations, soutenu par plusieurs investisseurs minoritaires&nbsp;: BNP Paribas D\u00e9veloppement, Soci\u00e9t\u00e9 G\u00e9n\u00e9rale Capital Partenaires, GSO Capital et Irdi, qui r\u00e9investit. De leur c\u00f4t\u00e9, Equistone, majoritaire depuis 4 ans, sort du capital suivi de Cr\u00e9dit Mutuel Equity. La participation des cadres, d\u00e9j\u00e0 pr\u00e9sents au capital, se renforce par ailleurs.<\/p>\n\n\n\n<p>Acces Industrie est un des leaders ind\u00e9pendants de la location de nacelles \u00e9l\u00e9vatrices et de mat\u00e9riel de manutention. Le groupe dispose d\u2019un parc de 12&nbsp;000 machines r\u00e9parties au sein de 42 agence, dont 4 en Espagne. Acces Industrie emploie 650 collaborateurs pour un chiffre d\u2019affaires en 2023 d\u2019environ 140 M\u20ac. Gr\u00e2ce au soutien du nouvel actionnaire majoritaire, le groupe souhaite poursuivre son d\u00e9veloppement en France mais aussi en Espagne et au Portugal.<\/p>\n\n\n\n<div style=\"height:100px\" aria-hidden=\"true\" class=\"wp-block-spacer\"><\/div>\n\n\n\n<h2 class=\"wp-block-heading\">Intervenants<\/h2>\n\n\n\n<p><strong>Acqu\u00e9reurs : <\/strong>Delmas Investissements et Participations (Herv\u00e9 Delmas, Davide Demade), Soci\u00e9t\u00e9 G\u00e9n\u00e9rale Capital Partenaires (St\u00e9phane Morange, Arthur Amouriaux), BNP Paribas D\u00e9veloppement (J\u00e9r\u00f4me Vigier, Antoine Legris, Bernadette Robin), IDIA Capital Investissement (Pierre-Arnaud Pinczon du Sel , Olivier Lutz-Sorg , Faora Narayanan , Alexandre Barbe , Jean Lebreton), GSO Capital (Cyril Laugier), IRDI Capital Investissement, Managers<\/p>\n\n\n\n<p><strong>C\u00e9dants : <\/strong> Equistone Partners (Guillaume Jacqueau, Gr\u00e9goire Ch\u00e2tillon, Gr\u00e9goire Schlumberger, J\u00e9r\u00e9my Mathis), Cr\u00e9dit Mutuel Equity<\/p>\n\n\n\n<p><strong>Dette :<\/strong> LCL (Quentin Viltart), La Banque Postale Financement et Investissement, Artemid (Constantin Kryvian, Gabriel Karsenty), CIC, BNP Paribas, Soci\u00e9t\u00e9 G\u00e9n\u00e9rale (Matthieu Saliou, Alya Derbel), Banque Palatine, Caisse d&rsquo;Epargne Aquitaine Poitou-Charente, Eurazeo IM<\/p>\n\n\n\n<h3 class=\"wp-block-heading\">Conseils<\/h3>\n\n\n\n<p><strong>Conseil M&amp;A Acqu\u00e9reurs : <\/strong>Clearwater International (Benjamin Zayat, Benoit Voyer, Ludovic Balkany, Axel R\u00e9my, Adrien Tordeur, David Zhan)<\/p>\n\n\n\n<p><strong>Avocats Acqu\u00e9reurs : <\/strong><\/p>\n\n\n\n<ul class=\"wp-block-list\">\n<li><strong>Investisseurs minoritaires : <\/strong>Cornet Vincent S\u00e9gurel (St\u00e9phanie G\u00e9rard, Claire Jagueneau)<\/li>\n\n\n\n<li><strong>Delmas Investissements et Participations : <\/strong>Hogan Lovells (St\u00e9phane Huten, Alexander Pr\u00e9mont, Arnaud Deparday, Christophe-Marc Juvanon, Charl\u00e8ne Jou\u00ebt, Ouassila El Asri)<\/li>\n<\/ul>\n\n\n\n<p><strong>DD Acqu\u00e9reurs Juridique et fiscale : <\/strong>Deloitte Soci\u00e9t\u00e9 d&rsquo;avocats (Julien Dominguez, St\u00e9phanie Nor\u00e8ve)<\/p>\n\n\n\n<p><strong>DD Acqu\u00e9reurs Financi\u00e8re :<\/strong> Deloitte Finance (Bertrand Chaboussou, Rodolph Le Roho, Arthur Metge)<\/p>\n\n\n\n<p><strong>DD Acqu\u00e9reurs Strat\u00e9gie : <\/strong>Accuracy (Jean-Fran\u00e7ois Partiot, Carlo Paviciullo)<\/p>\n\n\n\n<p><strong>Conseil M&amp;A <strong>C\u00e9dants<\/strong> :<\/strong> Natixis Partners (Olivier Dardel, J\u00e9r\u00f4me Vivien, Hugo Granat, Pierre Montembaut, Beno\u00eet Dulaurans, Th\u00e9o Pijoulat)<\/p>\n\n\n\n<p><strong>Avocats corporate C\u00e9dants<\/strong> : Goodwin (Thomas Maitrejean, Mathieu Terrisse, Pauline Louis)<\/p>\n\n\n\n<p><strong>DD Strat\u00e9gique C\u00e9dants :<\/strong> Roland Berger (Matthieu Simon, Matthieu Daumas, Pierre-Edouard Blanc)<\/p>\n\n\n\n<p><strong>VDD Juridique, Fiscale<\/strong> <strong>et Sociale<\/strong> : EY Soci\u00e9t\u00e9 d&rsquo;avocats (Johan Gaulin, Sophie Allex-Lyoudi, Martin Bir\u00e9e)<\/p>\n\n\n\n<p><strong>VDD Financi\u00e8re : <\/strong>Eight Advisory (Katia Wagner, David Wild)<\/p>\n\n\n\n<p><strong>Avocats Corporate Managers : <\/strong>Duroc Partners (Alexandre Dejardin, Faustine Paoluzzo, Martin Brunet, Marianne Dos Santos)<\/p>\n\n\n\n<p><strong>Avocat Fiscalit\u00e9 Managers : <\/strong>Tax Team &amp; Conseil (Jean-Jacques Calderini, Virginie Tafforeau)<\/p>\n\n\n\n<p><strong>Conseil Financement : <\/strong>Natixis Partners (Denis Vidalinc, Martin Chalanset)<\/p>\n<\/div><\/div>\n","protected":false},"excerpt":{"rendered":"<p>Le sp\u00e9cialiste de la location de nacelles \u00e9l\u00e9vatrices change de main. Le groupe Acces Industrie quitte le giron d&rsquo;Equistone pour passer sous le contr\u00f4le de Delmas Investissements et Participations, \u00e9paul\u00e9 par plusieurs investisseurs minoritaires.<\/p>\n","protected":false},"author":7,"featured_media":9615,"comment_status":"closed","ping_status":"closed","sticky":false,"template":"","format":"standard","meta":{"_acf_changed":false,"footnotes":""},"categories":[16],"tags":[],"class_list":["post-9614","post","type-post","status-publish","format-standard","has-post-thumbnail","hentry","category-communique"],"acf":[],"_links":{"self":[{"href":"https:\/\/www.cvs-avocats.com\/fr\/wp-json\/wp\/v2\/posts\/9614","targetHints":{"allow":["GET"]}}],"collection":[{"href":"https:\/\/www.cvs-avocats.com\/fr\/wp-json\/wp\/v2\/posts"}],"about":[{"href":"https:\/\/www.cvs-avocats.com\/fr\/wp-json\/wp\/v2\/types\/post"}],"author":[{"embeddable":true,"href":"https:\/\/www.cvs-avocats.com\/fr\/wp-json\/wp\/v2\/users\/7"}],"replies":[{"embeddable":true,"href":"https:\/\/www.cvs-avocats.com\/fr\/wp-json\/wp\/v2\/comments?post=9614"}],"version-history":[{"count":0,"href":"https:\/\/www.cvs-avocats.com\/fr\/wp-json\/wp\/v2\/posts\/9614\/revisions"}],"wp:featuredmedia":[{"embeddable":true,"href":"https:\/\/www.cvs-avocats.com\/fr\/wp-json\/wp\/v2\/media\/9615"}],"wp:attachment":[{"href":"https:\/\/www.cvs-avocats.com\/fr\/wp-json\/wp\/v2\/media?parent=9614"}],"wp:term":[{"taxonomy":"category","embeddable":true,"href":"https:\/\/www.cvs-avocats.com\/fr\/wp-json\/wp\/v2\/categories?post=9614"},{"taxonomy":"post_tag","embeddable":true,"href":"https:\/\/www.cvs-avocats.com\/fr\/wp-json\/wp\/v2\/tags?post=9614"}],"curies":[{"name":"wp","href":"https:\/\/api.w.org\/{rel}","templated":true}]}}