{"id":8692,"date":"2024-04-30T11:38:22","date_gmt":"2024-04-30T09:38:22","guid":{"rendered":"https:\/\/www.cvs-avocats.com\/?p=8692"},"modified":"2024-12-19T12:29:23","modified_gmt":"2024-12-19T11:29:23","slug":"studios-de-la-victorine","status":"publish","type":"post","link":"https:\/\/www.cvs-avocats.com\/fr\/studios-de-la-victorine\/","title":{"rendered":"Cornet Vincent S\u00e9gurel accompagne CCI Nice C\u00f4te d\u2019Azur et Digital District pour la cr\u00e9ation d\u2019un centre d\u2019excellence d\u00e9di\u00e9 \u00e0 la production cin\u00e9matographique, audiovisuelle et aux effets sp\u00e9ciaux"},"content":{"rendered":"\n<div class=\"wp-block-group\"><div class=\"wp-block-group__inner-container is-layout-constrained wp-block-group-is-layout-constrained\">\n<p>En juin 2022, la ville de Nice lan\u00e7ait un appel d\u2019offres avec pour objectifs de poursuivre la modernisation des embl\u00e9matiques Studios de la Victorine. Situ\u00e9s dans le quartier Saint-Augustin \u00e0 Nice, ces studios, d\u2019une tr\u00e8s grande superficie, ont accueillis le tournage d&rsquo;un tr\u00e8s grand nombre de films,&nbsp;en particulier entre les ann\u00e9es 1920 et les ann\u00e9es 1960 (<em>Le pass\u00e9 ne meurt pas<\/em>,&nbsp;<em>Les enfants du Paradis<\/em>,&nbsp;<em>Et Dieu cr\u00e9a\u2026 la femme, etc.<\/em>).&nbsp;<\/p>\n\n\n\n<p>La Ville de Nice ambitionne avec cette r\u00e9habilitation de replacer ces studios au c\u0153ur de l\u2019industrie cin\u00e9matographique et audiovisuelle mondiale. Elle a souhait\u00e9 confier, par le biais d\u2019une concession, l\u2019am\u00e9nagement et l\u2019exploitation du site afin notamment de cr\u00e9er un p\u00f4le d\u2019excellence int\u00e9grant les technologies de point comme l\u2019IA, la robotique ou la production virtuelle en temps r\u00e9el.<\/p>\n\n\n\n<p>Afin de r\u00e9pondre \u00e0 ce d\u00e9fi, Digital District, via sa filiale COLOR, et la CCI Nice C\u00f4te d\u2019Azur ont choisi de former un groupement, qui vient de remporter l\u2019appel d\u2019offres.<\/p>\n\n\n\n<p>Digital District est une soci\u00e9t\u00e9 internationale fond\u00e9e en 2014 et sp\u00e9cialis\u00e9e dans les effets visuels, la post-production et l&rsquo;\u00e9talonnage. Avec des bureaux en France, en Belgique et en Inde, le groupe offre une gamme compl\u00e8te de services techniques et de solutions cr\u00e9atives tout en acc\u00e9dant \u00e0 une vari\u00e9t\u00e9 d&rsquo;incitations. De son c\u00f4t\u00e9, CCI Nice C\u00f4te d\u2019Azur est un acteur public au service de l\u2019\u00e9conomie azurienne et de son d\u00e9veloppement.<\/p>\n\n\n\n<p>Une \u00e9quipe du cabinet d\u2019avocats Cornet Vincent S\u00e9gurel compos\u00e9e de Fr\u00e9d\u00e9ric Marchand, avocat associ\u00e9, Olivier Greffard, avocat associ\u00e9, et de Cl\u00e9ment Gourdain, avocat directeur, a accompagn\u00e9 le groupement dans le cadre de l\u2019appel d\u2019offres et de la concession de service public.<br>&nbsp;<\/p>\n\n\n\n<h3 class=\"wp-block-heading\"><u>Intervenants&nbsp;<\/u><strong><u>:<\/u><\/strong><\/h3>\n\n\n\n<p><strong>COLOR :&nbsp;<\/strong>David Danesi &nbsp;<\/p>\n\n\n\n<p><strong>CCI Nice C\u00f4te d\u2019Azur&nbsp;:&nbsp;<\/strong>Jessica Bovis et Myriam Prieur<\/p>\n\n\n\n<h3 class=\"wp-block-heading\"><u>Conseils&nbsp;:<\/u><\/h3>\n\n\n\n<p><strong>Avocats COLOR \/ Chambre de Commerce et d\u2019Industrie Nice C\u00f4te d\u2019Azur&nbsp;<\/strong><strong>:&nbsp;<\/strong>Cornet Vincent S\u00e9gurel (Fr\u00e9d\u00e9ric Marchand, Olivier Greffard et Cl\u00e9ment Gourdain)<\/p>\n\n\n\n<p><strong>Avocats Ville de Nice&nbsp;:&nbsp;<\/strong>Taylor Wessing&nbsp;(Sophie Pignon, Marcos Portela-Barreto, Claire Desjardins et Damien Kebdani)<\/p>\n<\/div><\/div>\n","protected":false},"excerpt":{"rendered":"<p>Un groupement compos\u00e9 de la Chambre de Commerce et d\u2019Industrie Nice C\u00f4te d\u2019Azur et de COLOR, filiale de Digital District Entertainement, remporte l\u2019appel d\u2019offres de la Ville de Nice visant \u00e0 la modernisation et au d\u00e9veloppement des historiques studios de la Victorine.<\/p>\n","protected":false},"author":7,"featured_media":8697,"comment_status":"closed","ping_status":"closed","sticky":false,"template":"","format":"standard","meta":{"_acf_changed":false,"footnotes":""},"categories":[16,18],"tags":[],"class_list":["post-8692","post","type-post","status-publish","format-standard","has-post-thumbnail","hentry","category-communique","category-news-en"],"acf":[],"_links":{"self":[{"href":"https:\/\/www.cvs-avocats.com\/fr\/wp-json\/wp\/v2\/posts\/8692","targetHints":{"allow":["GET"]}}],"collection":[{"href":"https:\/\/www.cvs-avocats.com\/fr\/wp-json\/wp\/v2\/posts"}],"about":[{"href":"https:\/\/www.cvs-avocats.com\/fr\/wp-json\/wp\/v2\/types\/post"}],"author":[{"embeddable":true,"href":"https:\/\/www.cvs-avocats.com\/fr\/wp-json\/wp\/v2\/users\/7"}],"replies":[{"embeddable":true,"href":"https:\/\/www.cvs-avocats.com\/fr\/wp-json\/wp\/v2\/comments?post=8692"}],"version-history":[{"count":0,"href":"https:\/\/www.cvs-avocats.com\/fr\/wp-json\/wp\/v2\/posts\/8692\/revisions"}],"wp:featuredmedia":[{"embeddable":true,"href":"https:\/\/www.cvs-avocats.com\/fr\/wp-json\/wp\/v2\/media\/8697"}],"wp:attachment":[{"href":"https:\/\/www.cvs-avocats.com\/fr\/wp-json\/wp\/v2\/media?parent=8692"}],"wp:term":[{"taxonomy":"category","embeddable":true,"href":"https:\/\/www.cvs-avocats.com\/fr\/wp-json\/wp\/v2\/categories?post=8692"},{"taxonomy":"post_tag","embeddable":true,"href":"https:\/\/www.cvs-avocats.com\/fr\/wp-json\/wp\/v2\/tags?post=8692"}],"curies":[{"name":"wp","href":"https:\/\/api.w.org\/{rel}","templated":true}]}}