{"id":7542,"date":"2024-04-15T15:25:50","date_gmt":"2024-04-15T13:25:50","guid":{"rendered":"https:\/\/www.cvs-avocats.com\/ofracar-howden\/"},"modified":"2024-04-22T17:15:55","modified_gmt":"2024-04-22T15:15:55","slug":"ofracar-howden","status":"publish","type":"post","link":"https:\/\/www.cvs-avocats.com\/fr\/ofracar-howden\/","title":{"rendered":"Cornet Vincent S\u00e9gurel accompagne Ofracar pour sa reprise par le groupe Howden"},"content":{"rendered":"\n<div class=\"wp-block-group\"><div class=\"wp-block-group__inner-container is-layout-constrained wp-block-group-is-layout-constrained\">\n<p>Fond\u00e9e en 1964 par Jean-Pierre Lecomte, Ofracar \u00e9tait jusqu\u2019alors dirig\u00e9e par St\u00e9phane et Nicolas Lecomte, fils du fondateur, et leur associ\u00e9 Laurent Couturier. L\u2019entreprise normande est sp\u00e9cialis\u00e9e dans l\u2019accompagnement des PME et ETI pour la couverture de leurs risques avec des solutions d\u00e9di\u00e9es en dommages aux biens et responsabilit\u00e9s, flottes automobiles, transport, accident du travail, ainsi qu\u2019une expertise reconnue dans les m\u00e9tiers du froid via sa marque Assurfroid.<\/p>\n\n\n\n<p>Le groupe britannique de courtage en assurance aux 2.8 milliards d\u2019euros de chiffre d\u2019affaires reprend la totalit\u00e9 du capital du courtierbas\u00e9 \u00e0 Rouen<em>.<\/em> A l\u2019issue de l\u2019op\u00e9ration, Nicolas Lecomte devient directeur de l\u2019activit\u00e9 Froid d\u2019Howden France &nbsp;et St\u00e9phane Lecomte et Laurent Couturier prennent quant \u00e0 eux la direction du d\u00e9veloppement de l\u2019activit\u00e9 d\u2019Howden en Normandie.<\/p>\n\n\n\n<p>Howden emploie d\u00e9sormais 17&nbsp;000 collaborateurs dans 55 pays, dont 350 collaborateurs en France sur 12 sites, int\u00e9grant les 10 millions d\u2019euros de chiffre d\u2019affaires et les 85 salari\u00e9s r\u00e9partis sur trois villes, Rouen, Rennes et Lyon, d\u2019Ofracar. Le groupe poursuit ainsi sa croissance en France, apr\u00e8s les reprises de Th\u00e9or\u00e8me, fin 2022, et des cabinets marseillais GTCA et CFC Consultants d\u00e9but 2024.<\/p>\n\n\n\n<p>Lors de cette op\u00e9ration, une \u00e9quipe du cabinet d\u2019avocats Cornet Vincent S\u00e9gurel pilot\u00e9e par Alexis Marchand, avocat associ\u00e9, a accompagn\u00e9 les c\u00e9dants pour tous les aspects juridiques de la transaction.<\/p>\n\n\n\n<h3 class=\"wp-block-heading\"><u>Intervenants<\/u><strong><u>&nbsp;:<\/u><\/strong><\/h3>\n\n\n\n<p><strong>Acqu\u00e9reur :<\/strong> Howden Group (Nicolas Aubert , \u00c9ric Demange)<\/p>\n\n\n\n<p><strong>C\u00e9dants : <\/strong>St\u00e9phane Lecomte, Nicolas Lecomte, Laurent Couturier<\/p>\n\n\n\n<h4 class=\"wp-block-heading\"><u>Conseils :<\/u><\/h4>\n\n\n\n<p><strong>C\u00e9dants Avocat :<\/strong> Cornet Vincent S\u00e9gurel<\/p>\n\n\n\n<ul class=\"wp-block-list\">\n<li>Corporate : Alexis Marchand, Alexandra Thil, Ornella Costa-Henriques<\/li>\n\n\n\n<li>Fiscal : Alfred Lortat-Jacob<\/li>\n\n\n\n<li>PI \/ Commercial : Fran\u00e7ois Herpe et Caroline Drujon d\u2019Astros<\/li>\n<\/ul>\n\n\n\n<p><strong>C\u00e9dants Banquier d&rsquo;Affaires \/ Conseil M&amp;A :<\/strong> Deloitte Corporate Finance (Vincent Rapiau, Lucile Regnault, Nassif Kamal, Nicolas Nardelli)<\/p>\n\n\n\n<p><strong>VDD Financi\u00e8re :<\/strong> Deloitte Finance (Christophe Mazaud, Louise Permingeat, Mathys Beny)<\/p>\n\n\n\n<p><strong>Acqu\u00e9reur Banquier d&rsquo;Affaires \/ Conseil M&amp;A<\/strong> : Financi\u00e8re de Courcelles (Michael Petit, Charles Delbarre)<\/p>\n\n\n\n<p><strong>Acqu\u00e9reur Avocat : <\/strong>Eversheds Sutherland<\/p>\n\n\n\n<ul class=\"wp-block-list\">\n<li>Corporate : Catherine Detalle, Raphael Sendowski, Maxime Auzias<\/li>\n\n\n\n<li>Fiscal : Philippe de Guyenro, Marine Cousin<\/li>\n\n\n\n<li>Immobilier <em>: <\/em>Christophe Sciot-Siegrist , M\u00e9lody Pag\u00e8s-Marouani , Margot Lacoste<\/li>\n\n\n\n<li>DD Sociale : Nicolas Etcheparre , Mil\u00e9na Manneval<\/li>\n\n\n\n<li>DD IT : Emmanuel Ronco , Cl\u00e9mence Dubois Ahlqvist , Naomi Bellaich<\/li>\n<\/ul>\n\n\n\n<p><strong>Acqu\u00e9reur DD Financi\u00e8re :<\/strong> PWC Deals (Herv\u00e9 Demoy , Baptiste Delubac , Th\u00e9o&nbsp;Lahousse)<\/p>\n<\/div><\/div>\n","protected":false},"excerpt":{"rendered":"<p>Le courtier normand sp\u00e9cialiste du risque d\u2019entreprise Ofracar vient d\u2019\u00eatre repris par Howden, groupe mondial d\u2019assurance bas\u00e9 \u00e0 Londres qui poursuit ainsi son d\u00e9veloppement en France.<\/p>\n","protected":false},"author":7,"featured_media":7543,"comment_status":"closed","ping_status":"closed","sticky":false,"template":"","format":"standard","meta":{"_acf_changed":false,"footnotes":""},"categories":[16],"tags":[],"class_list":["post-7542","post","type-post","status-publish","format-standard","has-post-thumbnail","hentry","category-communique"],"acf":[],"_links":{"self":[{"href":"https:\/\/www.cvs-avocats.com\/fr\/wp-json\/wp\/v2\/posts\/7542","targetHints":{"allow":["GET"]}}],"collection":[{"href":"https:\/\/www.cvs-avocats.com\/fr\/wp-json\/wp\/v2\/posts"}],"about":[{"href":"https:\/\/www.cvs-avocats.com\/fr\/wp-json\/wp\/v2\/types\/post"}],"author":[{"embeddable":true,"href":"https:\/\/www.cvs-avocats.com\/fr\/wp-json\/wp\/v2\/users\/7"}],"replies":[{"embeddable":true,"href":"https:\/\/www.cvs-avocats.com\/fr\/wp-json\/wp\/v2\/comments?post=7542"}],"version-history":[{"count":0,"href":"https:\/\/www.cvs-avocats.com\/fr\/wp-json\/wp\/v2\/posts\/7542\/revisions"}],"wp:featuredmedia":[{"embeddable":true,"href":"https:\/\/www.cvs-avocats.com\/fr\/wp-json\/wp\/v2\/media\/7543"}],"wp:attachment":[{"href":"https:\/\/www.cvs-avocats.com\/fr\/wp-json\/wp\/v2\/media?parent=7542"}],"wp:term":[{"taxonomy":"category","embeddable":true,"href":"https:\/\/www.cvs-avocats.com\/fr\/wp-json\/wp\/v2\/categories?post=7542"},{"taxonomy":"post_tag","embeddable":true,"href":"https:\/\/www.cvs-avocats.com\/fr\/wp-json\/wp\/v2\/tags?post=7542"}],"curies":[{"name":"wp","href":"https:\/\/api.w.org\/{rel}","templated":true}]}}