{"id":7452,"date":"2024-03-13T14:43:32","date_gmt":"2024-03-13T13:43:32","guid":{"rendered":"https:\/\/www.cvs-avocats.com\/double-encadrement-promotion\/"},"modified":"2024-04-22T17:06:36","modified_gmt":"2024-04-22T15:06:36","slug":"double-encadrement-promotion","status":"publish","type":"post","link":"https:\/\/www.cvs-avocats.com\/fr\/double-encadrement-promotion\/","title":{"rendered":"La question du double encadrement des promotions suscite d\u00e9bats et r\u00e9flexions"},"content":{"rendered":"\n<div class=\"wp-block-group\"><div class=\"wp-block-group__inner-container is-layout-constrained wp-block-group-is-layout-constrained\">\n<p>Dans un contexte juridique mouvant, le dispositif de double encadrement des promotions suscite un d\u00e9bat fervent quant \u00e0 son champ d&rsquo;application. Cet article analyse les contours de cette mesure et explore les divergences d&rsquo;interpr\u00e9tation qui \u00e9mergent au sein de la communaut\u00e9 juridique.<\/p>\n\n\n\n<p>Retrouvez l&rsquo;\u00e9clairage de Caroline Bellone-Closset, avocat en Concurrence\u00a0Distribution et Contrats,\u00a0dans un article pour Actualit\u00e9s du droit.<\/p>\n\n\n\n<div class=\"wp-block-buttons is-layout-flex wp-block-buttons-is-layout-flex\">\n<div class=\"wp-block-button is-style-animated-link\"><a class=\"wp-block-button__link wp-element-button\" href=\"https:\/\/www.actualitesdudroit.fr\/browse\/affaires\/droit-economique\/43896\/dispositif-de-double-encadrement-des-promotions-un-champ-d-application-qui-fait-debat\">Voir l&rsquo;article en int\u00e9gralit\u00e9<\/a><\/div>\n<\/div>\n<\/div><\/div>\n","protected":false},"excerpt":{"rendered":"<p>Dans un contexte juridique mouvant, le dispositif de double encadrement des promotions suscite un d\u00e9bat fervent quant \u00e0 son champ d&rsquo;application. Cet article analyse les contours de cette mesure et explore les divergences d&rsquo;interpr\u00e9tation qui \u00e9mergent au sein de la communaut\u00e9 juridique.<\/p>\n","protected":false},"author":7,"featured_media":7453,"comment_status":"closed","ping_status":"closed","sticky":false,"template":"","format":"standard","meta":{"_acf_changed":false,"footnotes":""},"categories":[15],"tags":[],"class_list":["post-7452","post","type-post","status-publish","format-standard","has-post-thumbnail","hentry","category-publications"],"acf":[],"_links":{"self":[{"href":"https:\/\/www.cvs-avocats.com\/fr\/wp-json\/wp\/v2\/posts\/7452","targetHints":{"allow":["GET"]}}],"collection":[{"href":"https:\/\/www.cvs-avocats.com\/fr\/wp-json\/wp\/v2\/posts"}],"about":[{"href":"https:\/\/www.cvs-avocats.com\/fr\/wp-json\/wp\/v2\/types\/post"}],"author":[{"embeddable":true,"href":"https:\/\/www.cvs-avocats.com\/fr\/wp-json\/wp\/v2\/users\/7"}],"replies":[{"embeddable":true,"href":"https:\/\/www.cvs-avocats.com\/fr\/wp-json\/wp\/v2\/comments?post=7452"}],"version-history":[{"count":0,"href":"https:\/\/www.cvs-avocats.com\/fr\/wp-json\/wp\/v2\/posts\/7452\/revisions"}],"wp:featuredmedia":[{"embeddable":true,"href":"https:\/\/www.cvs-avocats.com\/fr\/wp-json\/wp\/v2\/media\/7453"}],"wp:attachment":[{"href":"https:\/\/www.cvs-avocats.com\/fr\/wp-json\/wp\/v2\/media?parent=7452"}],"wp:term":[{"taxonomy":"category","embeddable":true,"href":"https:\/\/www.cvs-avocats.com\/fr\/wp-json\/wp\/v2\/categories?post=7452"},{"taxonomy":"post_tag","embeddable":true,"href":"https:\/\/www.cvs-avocats.com\/fr\/wp-json\/wp\/v2\/tags?post=7452"}],"curies":[{"name":"wp","href":"https:\/\/api.w.org\/{rel}","templated":true}]}}