{"id":7444,"date":"2024-03-06T15:24:08","date_gmt":"2024-03-06T14:24:08","guid":{"rendered":"https:\/\/www.cvs-avocats.com\/alliance-automotive-etape-auto-points\/"},"modified":"2024-04-22T17:13:35","modified_gmt":"2024-04-22T15:13:35","slug":"alliance-automotive-etape-auto-points","status":"publish","type":"post","link":"https:\/\/www.cvs-avocats.com\/fr\/alliance-automotive-etape-auto-points\/","title":{"rendered":"Cornet Vincent S\u00e9gurel accompagne le groupe Alliance Automotive dans la cession de son activit\u00e9 de franchiseur du r\u00e9seau \u00c9tape Auto \u00e0 Point S"},"content":{"rendered":"\n<div class=\"wp-block-group\"><div class=\"wp-block-group__inner-container is-layout-constrained wp-block-group-is-layout-constrained\">\n<p>Le sp\u00e9cialiste du pneu Point S agrandit ainsi son r\u00e9seau de centre-auto de proximit\u00e9 en rachetant 100% du r\u00e9seau de franchise Etape Auto au groupe Alliance Automotive Group<\/p>\n\n\n\n<p>Cr\u00e9\u00e9 en 1989 le r\u00e9seau de centres autos de proximit\u00e9 Etape Auto compte 49 points de vente, implant\u00e9s dans des communes de 5 000 \u00e0 30&nbsp;000 habitants. La transition d\u2019\u00c9tape Auto \u00e0 Point S vise \u00e0 conserver tous les sites franchis\u00e9s, avec une \u00e9valuation individuelle pour leur int\u00e9gration au r\u00e9seau Point S.<\/p>\n\n\n\n<p>A la suite de cette op\u00e9ration, Alliance Automotive Group souhaite se concentrer sur son c\u0153ur de m\u00e9tier&nbsp;: la distribution ind\u00e9pendante de pi\u00e8ces et de fournitures pour v\u00e9hicules l\u00e9gers, utilitaires et poids lourds.<\/p>\n\n\n\n<p>De son c\u00f4t\u00e9, Point S confirme avec cette acquisition sa strat\u00e9gie dynamique de croissance externe et renforce sa position de leader du secteur avec un maillage territorial plus dense, \u00e9tendu \u00e0 des villes moyennes strat\u00e9giques jusqu\u2019alors non couvertes, et une offre de services sp\u00e9cialis\u00e9s enrichie. Le chiffre d\u2019affaires d\u2019\u00c9tape Auto, \u00e9valu\u00e9 \u00e0 30 millions d\u2019euros, viendra par ailleurs s\u2019ajouter aux 600 millions d\u2019euros g\u00e9n\u00e9r\u00e9s par Point S.<\/p>\n\n\n\n<p>Lors de cette op\u00e9ration, le cabinet d\u2019avocats Cornet Vincent S\u00e9gurel a accompagn\u00e9 Alliance Automotive Group pour la structuration juridique de la cession de son activit\u00e9.<\/p>\n\n\n\n<h3 class=\"wp-block-heading\"><span style=\"text-decoration: underline;\"><strong><u>Intervenants<\/u> :<\/strong><\/span><\/h3>\n\n\n\n<p><strong>Acqu\u00e9reur : <\/strong>Point S France \u2013 Christophe ROLLET, Directeur g\u00e9n\u00e9ral<\/p>\n\n\n\n<p><strong>C\u00e9dant : <\/strong>Alliance Automotive Group \u2013 M. Thomas TABIASCO, Directeur g\u00e9n\u00e9ral<\/p>\n\n\n\n<h4 class=\"wp-block-heading\"><span style=\"text-decoration: underline;\"><strong><u>Conseils<\/u> :<\/strong><\/span><\/h4>\n\n\n\n<p><strong>Avocats C\u00e9dant : <\/strong>Cornet Vincent S\u00e9gurel (Pierre LAMIDON, Sabrina LEMARIE)<\/p>\n\n\n\n<p><strong>Avocat Acqu\u00e9reur : <\/strong>Bismuth avocats (Olivier COSTA)<\/p>\n<\/div><\/div>\n","protected":false},"excerpt":{"rendered":"<p>Alliance Automotive Group, leader europ\u00e9en du march\u00e9 de la distribution ind\u00e9pendante de pi\u00e8ces et de fournitures pour v\u00e9hicules l\u00e9gers, utilitaires et poids lourds, a r\u00e9cemment transf\u00e9r\u00e9 son r\u00e9seau de franchise \u00c9tape Auto au groupe Point S.<\/p>\n","protected":false},"author":7,"featured_media":7445,"comment_status":"closed","ping_status":"closed","sticky":false,"template":"","format":"standard","meta":{"_acf_changed":false,"footnotes":""},"categories":[16],"tags":[],"class_list":["post-7444","post","type-post","status-publish","format-standard","has-post-thumbnail","hentry","category-communique"],"acf":[],"_links":{"self":[{"href":"https:\/\/www.cvs-avocats.com\/fr\/wp-json\/wp\/v2\/posts\/7444","targetHints":{"allow":["GET"]}}],"collection":[{"href":"https:\/\/www.cvs-avocats.com\/fr\/wp-json\/wp\/v2\/posts"}],"about":[{"href":"https:\/\/www.cvs-avocats.com\/fr\/wp-json\/wp\/v2\/types\/post"}],"author":[{"embeddable":true,"href":"https:\/\/www.cvs-avocats.com\/fr\/wp-json\/wp\/v2\/users\/7"}],"replies":[{"embeddable":true,"href":"https:\/\/www.cvs-avocats.com\/fr\/wp-json\/wp\/v2\/comments?post=7444"}],"version-history":[{"count":0,"href":"https:\/\/www.cvs-avocats.com\/fr\/wp-json\/wp\/v2\/posts\/7444\/revisions"}],"wp:featuredmedia":[{"embeddable":true,"href":"https:\/\/www.cvs-avocats.com\/fr\/wp-json\/wp\/v2\/media\/7445"}],"wp:attachment":[{"href":"https:\/\/www.cvs-avocats.com\/fr\/wp-json\/wp\/v2\/media?parent=7444"}],"wp:term":[{"taxonomy":"category","embeddable":true,"href":"https:\/\/www.cvs-avocats.com\/fr\/wp-json\/wp\/v2\/categories?post=7444"},{"taxonomy":"post_tag","embeddable":true,"href":"https:\/\/www.cvs-avocats.com\/fr\/wp-json\/wp\/v2\/tags?post=7444"}],"curies":[{"name":"wp","href":"https:\/\/api.w.org\/{rel}","templated":true}]}}