{"id":455,"date":"2023-02-01T11:35:54","date_gmt":"2024-01-04T15:13:50","guid":{"rendered":"https:\/\/www.cvs-avocats.com\/?p=455"},"modified":"2025-03-03T16:51:15","modified_gmt":"2025-03-03T15:51:15","slug":"section-contentieux-conseil-etat-annulation-reintegration-revocation","status":"publish","type":"post","link":"https:\/\/www.cvs-avocats.com\/fr\/section-contentieux-conseil-etat-annulation-reintegration-revocation\/","title":{"rendered":"La Section du contentieux du Conseil d\u2019\u00c9tat pr\u00e9cise les suites de l\u2019annulation d\u2019une r\u00e9int\u00e9gration apr\u00e8s r\u00e9vocation"},"content":{"rendered":"<div class=\"section__body\">\n<div class=\"block-strong-text\">\n<p>Par une\u00a0d\u00e9cision du 9 d\u00e9cembre 2022 (CE, sect., 9 d\u00e9c. 2022, n\u00b0 451500), publi\u00e9e au recueil Lebon, la Section du contentieux du Conseil d\u2019Etat statuant en r\u00e9f\u00e9r\u00e9 pr\u00e9cise les conditions dans lesquelles l\u2019employeur public peut retirer la d\u00e9cision de r\u00e9int\u00e9gration d\u2019un agent lorsque la r\u00e9vocation qui avait \u00e9t\u00e9 annul\u00e9e par le juge de premi\u00e8re instance est confirm\u00e9e par un juge d\u2019appel ou apr\u00e8s pourvoi en cassation : ainsi, l\u2019autorit\u00e9 comp\u00e9tente ne peut retirer la d\u00e9cision que dans un d\u00e9lai raisonnable, appr\u00e9ci\u00e9 en fonction de la situation concr\u00e8te, et apr\u00e8s avoir invit\u00e9 l\u2019agent \u00e0 pr\u00e9senter ses observations.<\/p>\n<\/div>\n<article class=\"article-normal\">\n<div class=\"article__entry\">\n<p>Dans cette affaire, le conseil d\u00e9partemental de la Seine-Saint-Denis avait inflig\u00e9 \u00e0 un\u00a0agent adjoint administratif\u00a0de seconde classe la sanction disciplinaire de r\u00e9vocation \u00e0 compter du 15 mai 2017. Le juge des r\u00e9f\u00e9r\u00e9s du tribunal administratif de Montreuil ayant suspendu l\u2019ex\u00e9cution de cette sanction et ordonn\u00e9 la r\u00e9int\u00e9gration provisoire de l&rsquo;int\u00e9ress\u00e9, le pr\u00e9sident du conseil d\u00e9partemental, en ex\u00e9cution de cette ordonnance, avait r\u00e9int\u00e9gr\u00e9 l\u2019agent \u00e0 titre provisoire par une d\u00e9cision du 8 septembre 2017.<\/p>\n<\/div>\n<\/article>\n<ul class=\"list-icons\">\n<li><a href=\"https:\/\/www.eurojuris.fr\/articles\/suites-annulation-reintegration-apres-revocation-41397.htm\">Retrouvez l&rsquo;article d&rsquo;EuroJuris<\/a><\/li>\n<\/ul>\n<\/div>\n","protected":false},"excerpt":{"rendered":"<p>Par une\u00a0d\u00e9cision du 9 d\u00e9cembre 2022 (CE, sect., 9 d\u00e9c. 2022, n\u00b0 451500), publi\u00e9e au recueil Lebon, la Section du contentieux du Conseil d\u2019Etat statuant en r\u00e9f\u00e9r\u00e9 pr\u00e9cise les conditions dans lesquelles l\u2019employeur public peut retirer la d\u00e9cision de r\u00e9int\u00e9gration d\u2019un agent lorsque la r\u00e9vocation qui avait \u00e9t\u00e9 annul\u00e9e par le juge de premi\u00e8re instance [&hellip;]<\/p>\n","protected":false},"author":4,"featured_media":3847,"comment_status":"closed","ping_status":"closed","sticky":false,"template":"","format":"standard","meta":{"_acf_changed":false,"footnotes":""},"categories":[15],"tags":[],"class_list":["post-455","post","type-post","status-publish","format-standard","has-post-thumbnail","hentry","category-publications"],"acf":[],"_links":{"self":[{"href":"https:\/\/www.cvs-avocats.com\/fr\/wp-json\/wp\/v2\/posts\/455","targetHints":{"allow":["GET"]}}],"collection":[{"href":"https:\/\/www.cvs-avocats.com\/fr\/wp-json\/wp\/v2\/posts"}],"about":[{"href":"https:\/\/www.cvs-avocats.com\/fr\/wp-json\/wp\/v2\/types\/post"}],"author":[{"embeddable":true,"href":"https:\/\/www.cvs-avocats.com\/fr\/wp-json\/wp\/v2\/users\/4"}],"replies":[{"embeddable":true,"href":"https:\/\/www.cvs-avocats.com\/fr\/wp-json\/wp\/v2\/comments?post=455"}],"version-history":[{"count":0,"href":"https:\/\/www.cvs-avocats.com\/fr\/wp-json\/wp\/v2\/posts\/455\/revisions"}],"wp:featuredmedia":[{"embeddable":true,"href":"https:\/\/www.cvs-avocats.com\/fr\/wp-json\/wp\/v2\/media\/3847"}],"wp:attachment":[{"href":"https:\/\/www.cvs-avocats.com\/fr\/wp-json\/wp\/v2\/media?parent=455"}],"wp:term":[{"taxonomy":"category","embeddable":true,"href":"https:\/\/www.cvs-avocats.com\/fr\/wp-json\/wp\/v2\/categories?post=455"},{"taxonomy":"post_tag","embeddable":true,"href":"https:\/\/www.cvs-avocats.com\/fr\/wp-json\/wp\/v2\/tags?post=455"}],"curies":[{"name":"wp","href":"https:\/\/api.w.org\/{rel}","templated":true}]}}