{"id":4287,"date":"2024-02-15T13:52:19","date_gmt":"2024-02-15T12:52:19","guid":{"rendered":"https:\/\/www.cvs-avocats.com\/devoir-de-vigilance\/"},"modified":"2024-04-23T11:02:37","modified_gmt":"2024-04-23T09:02:37","slug":"devoir-de-vigilance","status":"publish","type":"post","link":"https:\/\/www.cvs-avocats.com\/fr\/devoir-de-vigilance\/","title":{"rendered":"Le devoir de vigilance : la responsabilit\u00e9 soci\u00e9tale et environnementale des entreprises"},"content":{"rendered":"\n<div class=\"wp-block-group\"><div class=\"wp-block-group__inner-container is-layout-constrained wp-block-group-is-layout-constrained\">\n<p>Dans un contexte actuel marqu\u00e9 par les enjeux&nbsp;environnementaux et par les droits humains, le devoir de vigilance des entreprises appara\u00eet comme un pilier essentiel.<\/p>\n\n\n\n<p>Aur\u00e9lie Vuchet-Bondet avocat associ\u00e9 du cabinet, expert en Contentieux &#8211; Arbitrage &#8211; M\u00e9ditation, revient sur la loi n\u00b02017-399 du 27 mars 2017 relative au devoir de vigilance des soci\u00e9t\u00e9s m\u00e8res et entreprises donneuses d&rsquo;ordre\u00a0dans un article pour Environnement Magazine.<\/p>\n\n\n\n<div class=\"wp-block-buttons is-layout-flex wp-block-buttons-is-layout-flex\">\n<div class=\"wp-block-button is-style-animated-link\"><a class=\"wp-block-button__link wp-element-button\" href=\"https:\/\/www.environnement-magazine.fr\/politiques\/article\/2024\/02\/14\/147752\/tout-savoir-sur-devoir-vigilance\"> Voir l&rsquo;article en int\u00e9gralit\u00e9<\/a><\/div>\n<\/div>\n<\/div><\/div>\n","protected":false},"excerpt":{"rendered":"<p>Dans un contexte actuel marqu\u00e9 par les enjeux\u00a0environnementaux et par les droits humains, le devoir de vigilance des entreprises appara\u00eet comme un pilier essentiel.<\/p>\n","protected":false},"author":7,"featured_media":4288,"comment_status":"closed","ping_status":"closed","sticky":false,"template":"","format":"standard","meta":{"_acf_changed":false,"footnotes":""},"categories":[15],"tags":[],"class_list":["post-4287","post","type-post","status-publish","format-standard","has-post-thumbnail","hentry","category-publications"],"acf":[],"_links":{"self":[{"href":"https:\/\/www.cvs-avocats.com\/fr\/wp-json\/wp\/v2\/posts\/4287","targetHints":{"allow":["GET"]}}],"collection":[{"href":"https:\/\/www.cvs-avocats.com\/fr\/wp-json\/wp\/v2\/posts"}],"about":[{"href":"https:\/\/www.cvs-avocats.com\/fr\/wp-json\/wp\/v2\/types\/post"}],"author":[{"embeddable":true,"href":"https:\/\/www.cvs-avocats.com\/fr\/wp-json\/wp\/v2\/users\/7"}],"replies":[{"embeddable":true,"href":"https:\/\/www.cvs-avocats.com\/fr\/wp-json\/wp\/v2\/comments?post=4287"}],"version-history":[{"count":0,"href":"https:\/\/www.cvs-avocats.com\/fr\/wp-json\/wp\/v2\/posts\/4287\/revisions"}],"wp:featuredmedia":[{"embeddable":true,"href":"https:\/\/www.cvs-avocats.com\/fr\/wp-json\/wp\/v2\/media\/4288"}],"wp:attachment":[{"href":"https:\/\/www.cvs-avocats.com\/fr\/wp-json\/wp\/v2\/media?parent=4287"}],"wp:term":[{"taxonomy":"category","embeddable":true,"href":"https:\/\/www.cvs-avocats.com\/fr\/wp-json\/wp\/v2\/categories?post=4287"},{"taxonomy":"post_tag","embeddable":true,"href":"https:\/\/www.cvs-avocats.com\/fr\/wp-json\/wp\/v2\/tags?post=4287"}],"curies":[{"name":"wp","href":"https:\/\/api.w.org\/{rel}","templated":true}]}}