{"id":4273,"date":"2024-02-07T12:21:59","date_gmt":"2024-02-07T11:21:59","guid":{"rendered":"https:\/\/www.cvs-avocats.com\/parot-tressol-cabrier\/"},"modified":"2024-06-25T16:45:49","modified_gmt":"2024-06-25T14:45:49","slug":"parot-tressol-cabrier","status":"publish","type":"post","link":"https:\/\/www.cvs-avocats.com\/fr\/parot-tressol-cabrier\/","title":{"rendered":"Cornet Vincent S\u00e9gurel conseille des actionnaires majoritaires du groupe Parot dans le cadre du projet d\u2019OPA de Tressol-Chabrier"},"content":{"rendered":"\n<div class=\"wp-block-group\"><div class=\"wp-block-group__inner-container is-layout-constrained wp-block-group-is-layout-constrained\">\n<p>C\u00f4t\u00e9 sur Euronext Growth depuis 2016, le groupe de distribution d\u2019automobiles et de poids-lourds Parot est entr\u00e9 en n\u00e9gociations collectives avec NDK, holding du groupe Tressol-Chabrier. Celle-ci vise l\u2019acquisition de 4&nbsp;984&nbsp;436 actions nominatives, sur les 6&nbsp;417&nbsp;379 actions composant le capital du groupe, soit 77,67% du capital, pour 8,83 euros par action.<\/p>\n\n\n\n<p>En cas de r\u00e9alisation de l\u2019acquisition du bloc de contr\u00f4le, celle-ci serait suivie d\u2019une Offre Publique d\u2019Achat Simplifi\u00e9es (OPAS) par Tressol-Chabrier sur le solde des actions du groupe Parot \u00e0 un prix identique. Pour, en cas d\u2019atteinte du seuil l\u00e9gal \u00e0 l\u2019issue de l\u2019OPAS, NDK envisage un retrait obligatoire des actions restantes du groupe.<\/p>\n\n\n\n<p>Dirig\u00e9 par Didier Chabrier, Tressol-Chabrier fait partie des 10 plus importants groupes de distribution de v\u00e9hicules en France. Implant\u00e9 dans le Sud, entre Brive-la-Gaillarde et Perpignan, le groupe repr\u00e9sente 34 marques d\u2019auto et moto dans 72 points de vente implant\u00e9s dans 23 villes et 9 d\u00e9partements. Tressol-Chabrier aurait r\u00e9alis\u00e9 en 2022 un chiffre d\u2019affaires de pr\u00e8s de 950 M\u20ac avec pr\u00e8s de 2000 collaborateurs.<\/p>\n\n\n\n<p>Cr\u00e9\u00e9 en 1978 et implant\u00e9 \u00e0 Bruges \u00e0 proximit\u00e9 de Bordeaux (33), le groupe Parot est un des principaux distributeurs Ford en France et un acteur majeur de la distribution de poids-lourds. Il commercialise des v\u00e9hicules particuliers et commerciaux neufs, \u00e0 travers 9 marques, et d\u2019occasion, avec notamment la structure VO 3000 et l\u2019organisation digitale Zanzicar. Le groupe r\u00e9alise un chiffre d\u2019affaires de 360 M\u20ac gr\u00e2ce \u00e0 29 sites pr\u00e9sents dans l\u2019ensemble de la France et 720 collaborateurs.<\/p>\n\n\n\n<p>Alexandre Parot commente : \u00ab <em>Nous sommes heureux de ce projet de rapprochement. Le Groupe Tressol-Chabrier et le Groupe Parot sont anim\u00e9s par de nombreuses valeurs communes. A l\u2019aube d\u2019une transformation sans pr\u00e9c\u00e9dent de notre m\u00e9tier, ce rapprochement permettra au Groupe Parot de continuer de b\u00e9n\u00e9ficier des ressources humaines, techniques et financi\u00e8res n\u00e9cessaires au d\u00e9veloppement de ses activit\u00e9s et \u00e0 la p\u00e9rennit\u00e9 de ses \u00e9quipes.<\/em> \u00bb<\/p>\n\n\n\n<h3 class=\"wp-block-heading\"><u>Intervenants :<\/u><\/h3>\n\n\n\n<p><strong>C\u00e9dants :<\/strong> Actionnaires familiaux, Actionnaires (soci\u00e9t\u00e9 c\u00f4t\u00e9e)<\/p>\n\n\n\n<p><strong>Acqu\u00e9reur : <\/strong>Tressol-Chabrier<\/p>\n\n\n\n<h3 class=\"wp-block-heading\"><u>Conseils&nbsp;:<\/u><\/h3>\n\n\n\n<p><strong>Avocats C\u00e9dants&nbsp;:<\/strong><\/p>\n\n\n\n<p><strong>&#8211; Due Diligence&nbsp;(VDD) juridique et fiscale :<\/strong> Cornet Vincent S\u00e9gurel (St\u00e9phanie G\u00e9rard, Claire Jagueneau, Anr\u00e9a Lefranc, M\u00e9gan Pajot, Aur\u00e9lien Babin, Anne-Claire Barrault, Marie Javelle)<\/p>\n\n\n\n<p><strong>&#8211; Due Diligence (VDD) droit \u00e9conomique&nbsp;:&nbsp;<\/strong>Perle Pascaud-Blandin<\/p>\n\n\n\n<p><strong>&#8211; Due Diligence (VDD) Immobilier&nbsp;:<\/strong> Cornet Vincent S\u00e9gurel (C\u00e9cile Rouquette-T\u00e9rouanne, Agathe de Chazal)<\/p>\n\n\n\n<p><strong>&#8211; Due Diligence (VDD) sociale&nbsp;:<\/strong> Cornet Vincent S\u00e9gurel (Anne Pitault, Antoine Losse)<\/p>\n\n\n\n<p><strong>&#8211; Corporate&nbsp;:<\/strong> Carler avocats (B\u00e9n\u00e9dict Vidal, Sarah Kremer)<\/p>\n\n\n\n<p><strong>Conseil M&amp;A \/ Banquier d\u2019affaires C\u00e9dants&nbsp;:<\/strong> Cr\u00e9dit Agricole Midcap Advisors (Philippe Azevedo, Victor Lemay, Caroline Dheilly, Pascal Renault, Hugues Hauth)<\/p>\n\n\n\n<p><strong>VDD financi\u00e8re&nbsp;:<\/strong> Eight Advisory (Bertrand Perrette, Jean-Baptiste Blanco, Nicolas Desseroir, Benoit Fontant, Lisa Catherine)<\/p>\n\n\n\n<p><strong>Avocats Acqu\u00e9reur&nbsp;: <\/strong>Accense conseils (Stephen Bulot)<\/p>\n<\/div><\/div>\n","protected":false},"excerpt":{"rendered":"<p>Une \u00e9quipe pluridisciplinaire et multi-sites du cabinet d\u2019avocats Cornet Vincent S\u00e9gurel a accompagn\u00e9 le groupe Parot pour des due diligences dans la perspective d\u2019une reprise majoritaire par le groupe Tressol-Chabrier.<\/p>\n","protected":false},"author":7,"featured_media":4274,"comment_status":"closed","ping_status":"closed","sticky":false,"template":"","format":"standard","meta":{"_acf_changed":false,"footnotes":""},"categories":[16],"tags":[],"class_list":["post-4273","post","type-post","status-publish","format-standard","has-post-thumbnail","hentry","category-communique"],"acf":[],"_links":{"self":[{"href":"https:\/\/www.cvs-avocats.com\/fr\/wp-json\/wp\/v2\/posts\/4273","targetHints":{"allow":["GET"]}}],"collection":[{"href":"https:\/\/www.cvs-avocats.com\/fr\/wp-json\/wp\/v2\/posts"}],"about":[{"href":"https:\/\/www.cvs-avocats.com\/fr\/wp-json\/wp\/v2\/types\/post"}],"author":[{"embeddable":true,"href":"https:\/\/www.cvs-avocats.com\/fr\/wp-json\/wp\/v2\/users\/7"}],"replies":[{"embeddable":true,"href":"https:\/\/www.cvs-avocats.com\/fr\/wp-json\/wp\/v2\/comments?post=4273"}],"version-history":[{"count":0,"href":"https:\/\/www.cvs-avocats.com\/fr\/wp-json\/wp\/v2\/posts\/4273\/revisions"}],"wp:featuredmedia":[{"embeddable":true,"href":"https:\/\/www.cvs-avocats.com\/fr\/wp-json\/wp\/v2\/media\/4274"}],"wp:attachment":[{"href":"https:\/\/www.cvs-avocats.com\/fr\/wp-json\/wp\/v2\/media?parent=4273"}],"wp:term":[{"taxonomy":"category","embeddable":true,"href":"https:\/\/www.cvs-avocats.com\/fr\/wp-json\/wp\/v2\/categories?post=4273"},{"taxonomy":"post_tag","embeddable":true,"href":"https:\/\/www.cvs-avocats.com\/fr\/wp-json\/wp\/v2\/tags?post=4273"}],"curies":[{"name":"wp","href":"https:\/\/api.w.org\/{rel}","templated":true}]}}