{"id":4241,"date":"2024-02-01T12:22:28","date_gmt":"2024-02-01T11:22:28","guid":{"rendered":"https:\/\/www.cvs-avocats.com\/loi-egalim\/"},"modified":"2024-04-23T11:30:41","modified_gmt":"2024-04-23T09:30:41","slug":"loi-egalim","status":"publish","type":"post","link":"https:\/\/www.cvs-avocats.com\/fr\/loi-egalim\/","title":{"rendered":"La loi Egalim au c\u0153ur des revendications des agriculteurs"},"content":{"rendered":"\n<div class=\"wp-block-group\"><div class=\"wp-block-group__inner-container is-layout-constrained wp-block-group-is-layout-constrained\">\n<p>Le gouvernement annoncera mardi de nouvelles mesures pour soutenir les agriculteurs en r\u00e9ponse \u00e0 leurs manifestations. Ces mesures visent \u00e0 mieux faire respecter la loi Egalim pour emp\u00eacher les ventes \u00e0 perte. Trois entreprises seront sanctionn\u00e9es pour leur non-respect de cette loi avant la fin des n\u00e9gociations entre fournisseurs et distributeurs.<\/p>\n\n\n\n<p>Retrouvez l&rsquo;\u00e9clairage de Caroline Bellone Closset avocat associ\u00e9 expert en Concurrence,\u00a0Distribution &amp;\u00a0Contrats\u00a0\u00e0 ce sujet pour La Tribune.\u00a0<\/p>\n\n\n\n<div style=\"height:13px\" aria-hidden=\"true\" class=\"wp-block-spacer\"><\/div>\n\n\n\n<div class=\"wp-block-buttons is-layout-flex wp-block-buttons-is-layout-flex\">\n<div class=\"wp-block-button is-style-animated-link\"><a class=\"wp-block-button__link wp-element-button\" href=\"https:\/\/www.latribune.fr\/economie\/france\/lois-egalim-les-raisons-de-la-colere-des-agriculteurs-989137.html\">Voir l&rsquo;article en int\u00e9gralit\u00e9<\/a><\/div>\n<\/div>\n<\/div><\/div>\n","protected":false},"excerpt":{"rendered":"<p>Le gouvernement annoncera mardi de nouvelles mesures pour soutenir les agriculteurs en r\u00e9ponse \u00e0 leurs manifestations.<\/p>\n","protected":false},"author":7,"featured_media":4242,"comment_status":"closed","ping_status":"closed","sticky":false,"template":"","format":"standard","meta":{"_acf_changed":false,"footnotes":""},"categories":[15],"tags":[],"class_list":["post-4241","post","type-post","status-publish","format-standard","has-post-thumbnail","hentry","category-publications"],"acf":[],"_links":{"self":[{"href":"https:\/\/www.cvs-avocats.com\/fr\/wp-json\/wp\/v2\/posts\/4241","targetHints":{"allow":["GET"]}}],"collection":[{"href":"https:\/\/www.cvs-avocats.com\/fr\/wp-json\/wp\/v2\/posts"}],"about":[{"href":"https:\/\/www.cvs-avocats.com\/fr\/wp-json\/wp\/v2\/types\/post"}],"author":[{"embeddable":true,"href":"https:\/\/www.cvs-avocats.com\/fr\/wp-json\/wp\/v2\/users\/7"}],"replies":[{"embeddable":true,"href":"https:\/\/www.cvs-avocats.com\/fr\/wp-json\/wp\/v2\/comments?post=4241"}],"version-history":[{"count":0,"href":"https:\/\/www.cvs-avocats.com\/fr\/wp-json\/wp\/v2\/posts\/4241\/revisions"}],"wp:featuredmedia":[{"embeddable":true,"href":"https:\/\/www.cvs-avocats.com\/fr\/wp-json\/wp\/v2\/media\/4242"}],"wp:attachment":[{"href":"https:\/\/www.cvs-avocats.com\/fr\/wp-json\/wp\/v2\/media?parent=4241"}],"wp:term":[{"taxonomy":"category","embeddable":true,"href":"https:\/\/www.cvs-avocats.com\/fr\/wp-json\/wp\/v2\/categories?post=4241"},{"taxonomy":"post_tag","embeddable":true,"href":"https:\/\/www.cvs-avocats.com\/fr\/wp-json\/wp\/v2\/tags?post=4241"}],"curies":[{"name":"wp","href":"https:\/\/api.w.org\/{rel}","templated":true}]}}