{"id":4187,"date":"2023-12-19T17:22:37","date_gmt":"2023-12-19T16:22:37","guid":{"rendered":"https:\/\/www.cvs-avocats.com\/chu-hospitalier-argenteuil-reconstruction\/"},"modified":"2024-04-23T11:58:24","modified_gmt":"2024-04-23T09:58:24","slug":"chu-hospitalier-argenteuil-reconstruction","status":"publish","type":"post","link":"https:\/\/www.cvs-avocats.com\/fr\/chu-hospitalier-argenteuil-reconstruction\/","title":{"rendered":"Cornet Vincent S\u00e9gurel conseille le Centre hospitalier d\u2019Argenteuil pour sa reconstruction d\u2019ici \u00e0 2030"},"content":{"rendered":"\n<div class=\"wp-block-group\"><div class=\"wp-block-group__inner-container is-layout-constrained wp-block-group-is-layout-constrained\">\n<p>Le Minist\u00e8re de la sant\u00e9 avait donn\u00e9 son feu vert fin 2022 \u00e0 ce projet imagin\u00e9 d\u00e8s 2008 pour l\u2019\u00e9. Ces travaux d\u2019envergure visent \u00e0 optimiser et moderniser le centre hospitalier. L\u2019\u00e9tablissement actuel sera d\u00e9moli et reconstruit, \u00e0 l\u2019exception du b\u00e2timent Madeleine-Br\u00e8s construit en 2013 qui sera conserv\u00e9. Datant de 1929, l\u2019\u00e9tablissement actuel avec plusieurs pavillons s\u00e9par\u00e9s, n\u2019est plus adapt\u00e9 \u00e0 la pratique hospitali\u00e8re moderne. D\u2019un seul bloc, le nouveau centre hospitalier permettra une simplification des parcours de soins et de donner acc\u00e8s aux patients aux derni\u00e8res innovations technologiques.<\/p>\n\n\n\n<p>Une premi\u00e8re tranche de 30&nbsp;000 m2 devrait \u00eatre finalis\u00e9e d\u00e8s 2027. Le projet sera finalis\u00e9 avec une seconde de 28&nbsp;000 m2 dont la livraison est pr\u00e9vue pour 2030. Un budget total de 400 millions d\u2019euros sera consacr\u00e9 au projet, dont 140 millions d\u2019euros de subvention apport\u00e9s dans le cadre du plan Val-d\u2019Oise et 41 millions d\u2019euros d\u2019autofinancement.<\/p>\n\n\n\n<p>Le projet sera pilot\u00e9 par Bouygues et le cabinet d\u2019architectes Brunet Saunier et Associ\u00e9s. Pour la construction, 20% des march\u00e9s devraient \u00eatre confi\u00e9s \u00e0 des PME et artisans locaux.<\/p>\n\n\n\n<p>Le cabinet d\u2019avocats Cornet Vincent S\u00e9gurel est intervenu aux c\u00f4t\u00e9s de l\u2019\u00e9quipe du Centre Hospitalier tout au long de la proc\u00e9dure n\u00e9goci\u00e9e qui a amen\u00e9e \u00e0 la signature du contrat de passation de march\u00e9 public avec Bouygues.<\/p>\n\n\n\n<h3 class=\"wp-block-heading\"><u>Conseils\u00a0:<\/u><\/h3>\n\n\n\n<p><strong>Avocats H\u00f4pital d\u2019Argenteuil : <\/strong>Cornet Vincent S\u00e9gurel (Pierre-Alexis Ramaut)<\/p>\n\n\n\n<p><strong>Strat\u00e9gie immobili\u00e8re programmatique<\/strong>&nbsp;: A2MO (Julia Zwarycz)<\/p>\n<\/div><\/div>\n","protected":false},"excerpt":{"rendered":"<p>La premi\u00e8re pierre symbolique du nouvel h\u00f4pital Victor-Dupouy a \u00e9t\u00e9 pos\u00e9e le 13 juin dernier. Un bloc unique de 77\u00a0000 m2 remplacera les pavillons existant pour un investissement total de 400 millions d\u2019euros.<\/p>\n","protected":false},"author":7,"featured_media":4188,"comment_status":"closed","ping_status":"closed","sticky":false,"template":"","format":"standard","meta":{"_acf_changed":false,"footnotes":""},"categories":[16],"tags":[],"class_list":["post-4187","post","type-post","status-publish","format-standard","has-post-thumbnail","hentry","category-communique"],"acf":[],"_links":{"self":[{"href":"https:\/\/www.cvs-avocats.com\/fr\/wp-json\/wp\/v2\/posts\/4187","targetHints":{"allow":["GET"]}}],"collection":[{"href":"https:\/\/www.cvs-avocats.com\/fr\/wp-json\/wp\/v2\/posts"}],"about":[{"href":"https:\/\/www.cvs-avocats.com\/fr\/wp-json\/wp\/v2\/types\/post"}],"author":[{"embeddable":true,"href":"https:\/\/www.cvs-avocats.com\/fr\/wp-json\/wp\/v2\/users\/7"}],"replies":[{"embeddable":true,"href":"https:\/\/www.cvs-avocats.com\/fr\/wp-json\/wp\/v2\/comments?post=4187"}],"version-history":[{"count":0,"href":"https:\/\/www.cvs-avocats.com\/fr\/wp-json\/wp\/v2\/posts\/4187\/revisions"}],"wp:featuredmedia":[{"embeddable":true,"href":"https:\/\/www.cvs-avocats.com\/fr\/wp-json\/wp\/v2\/media\/4188"}],"wp:attachment":[{"href":"https:\/\/www.cvs-avocats.com\/fr\/wp-json\/wp\/v2\/media?parent=4187"}],"wp:term":[{"taxonomy":"category","embeddable":true,"href":"https:\/\/www.cvs-avocats.com\/fr\/wp-json\/wp\/v2\/categories?post=4187"},{"taxonomy":"post_tag","embeddable":true,"href":"https:\/\/www.cvs-avocats.com\/fr\/wp-json\/wp\/v2\/tags?post=4187"}],"curies":[{"name":"wp","href":"https:\/\/api.w.org\/{rel}","templated":true}]}}