{"id":4183,"date":"2023-12-04T15:09:59","date_gmt":"2023-12-04T14:09:59","guid":{"rendered":"https:\/\/www.cvs-avocats.com\/scutum-fichet-buche-telesurveillance\/"},"modified":"2024-10-01T11:45:58","modified_gmt":"2024-10-01T09:45:58","slug":"scutum-fichet-buche-telesurveillance","status":"publish","type":"post","link":"https:\/\/www.cvs-avocats.com\/fr\/scutum-fichet-buche-telesurveillance\/","title":{"rendered":"Cornet Vincent S\u00e9gurel accompagne le Groupe Scutum pour l\u2019acquisition de Fichet-Bauche T\u00e9l\u00e9surveillance"},"content":{"rendered":"\n<div class=\"wp-block-group\"><div class=\"wp-block-group__inner-container is-layout-constrained wp-block-group-is-layout-constrained\">\n<p>Le Groupe Scutum poursuit son d\u00e9veloppement en faisant l\u2019acquisition de 100% du capital de Fichet-Bauche T\u00e9l\u00e9surveillance. Cette op\u00e9ration permet au groupe d\u2019\u00e9tendre son engagement technologique et humain dans le secteur de la t\u00e9l\u00e9surveillance en France, et plus particuli\u00e8rement dans la gestion des sites sensibles. Ce rapprochement s&rsquo;inscrit dans la strat\u00e9gie ambitieuse de croissance externe du groupe Scutum qui lui a permis, ces derni\u00e8res ann\u00e9es, de renforcer sa position de leader en France, en Allemagne, au Royaume-Uni et aux Etats-Unis, tout en \u00e9tendant son rayonnement en Suisse, en Autriche et en Pologne.<\/p>\n\n\n\n<p>Fichet-Bauche T\u00e9l\u00e9surveillance, fort de plus de 30 ans d&rsquo;expertise dans le domaine de la t\u00e9l\u00e9surveillance, se distingue par la qualit\u00e9 exceptionnelle de ses services, dispens\u00e9s depuis ses deux centres de r\u00e9ception d&rsquo;alarmes certifi\u00e9s APSAD P5, situ\u00e9s \u00e0 V\u00e9lizy Villacoublay et Saint Laurent du Var. Il convient de souligner que la certification APSAD P5 est la plus \u00e9lev\u00e9e en France.<\/p>\n\n\n\n<p>Le Groupe Scutum est un acteur international ind\u00e9pendant majeur dans le domaine de la s\u00e9curit\u00e9 et de la s\u00fbret\u00e9 avec des \u00e9quipements et des services hautement fiables, innovants et personnalis\u00e9s pour tous les secteurs. Fond\u00e9 en 1989, le Groupe est devenu une organisation de 184 millions d\u2019euros avec 1 554 employ\u00e9s, pr\u00e9sents dans plusieurs pays europ\u00e9ens, avec des bureaux et des centres de surveillance en France, en Allemagne, au Royaume-Uni, en Belgique, aux Pays-Bas et aux Etats-Unis.<\/p>\n\n\n\n<p>\u00ab\u00a0<em>Nous sommes heureux d&rsquo;accueillir Fichet-Bauche T\u00e9l\u00e9surveillance au sein du Groupe Scutum. Nous suivons de pr\u00e8s le march\u00e9 de la s\u00fbret\u00e9 et de la s\u00e9curit\u00e9 et les synergies existantes entre nos deux soci\u00e9t\u00e9s, ainsi que nos valeurs communes, nous ont confort\u00e9s dans l&rsquo;id\u00e9e de mener \u00e0 bien cette op\u00e9ration<\/em>\u00ab\u00a0, explique Franck Namy, PDG du groupe Scutum. \u00ab\u00a0<em>Nous avons l&rsquo;exp\u00e9rience de la gestion des risques lourds et des instructions complexes des grandes organisations<\/em>\u00ab\u00a0.<\/p>\n\n\n\n<h3 class=\"wp-block-heading\"><span style=\"text-decoration: underline;\"><u>Intervenants<\/u> :<\/span><\/h3>\n\n\n\n<p><strong>Groupe Scutum : <\/strong>Franck Namy (PDG) ; Pascal Bray (Directeur M&amp;A Groupe)<\/p>\n\n\n\n<p><strong>Fichet-Bauche T\u00e9l\u00e9surveillance<\/strong><\/p>\n\n\n\n<h3 class=\"wp-block-heading\"><u>Conseils&nbsp;:<\/u><\/h3>\n\n\n\n<p><strong>Avocat Groupe Scutum&nbsp;: <\/strong>Cornet Vincent S\u00e9gurel (Alexis Marchand, Philippe Guinot, Ornella Costa-Henriques)<\/p>\n\n\n\n<p><strong>Avocats C\u00e9dants&nbsp;: <\/strong>RRC Avocats (Bruno Ranger)<\/p>\n<\/div><\/div>\n","protected":false},"excerpt":{"rendered":"<p>Expert en gestion des risques par la t\u00e9l\u00e9surveillance des biens et des personnes et en protection des travailleurs isol\u00e9s, Fichet-Bauche T\u00e9l\u00e9surveillance vient d\u2019\u00eatre repris par le groupe Scutum.<\/p>\n","protected":false},"author":7,"featured_media":4184,"comment_status":"closed","ping_status":"closed","sticky":false,"template":"","format":"standard","meta":{"_acf_changed":false,"footnotes":""},"categories":[16],"tags":[],"class_list":["post-4183","post","type-post","status-publish","format-standard","has-post-thumbnail","hentry","category-communique"],"acf":[],"_links":{"self":[{"href":"https:\/\/www.cvs-avocats.com\/fr\/wp-json\/wp\/v2\/posts\/4183","targetHints":{"allow":["GET"]}}],"collection":[{"href":"https:\/\/www.cvs-avocats.com\/fr\/wp-json\/wp\/v2\/posts"}],"about":[{"href":"https:\/\/www.cvs-avocats.com\/fr\/wp-json\/wp\/v2\/types\/post"}],"author":[{"embeddable":true,"href":"https:\/\/www.cvs-avocats.com\/fr\/wp-json\/wp\/v2\/users\/7"}],"replies":[{"embeddable":true,"href":"https:\/\/www.cvs-avocats.com\/fr\/wp-json\/wp\/v2\/comments?post=4183"}],"version-history":[{"count":0,"href":"https:\/\/www.cvs-avocats.com\/fr\/wp-json\/wp\/v2\/posts\/4183\/revisions"}],"wp:featuredmedia":[{"embeddable":true,"href":"https:\/\/www.cvs-avocats.com\/fr\/wp-json\/wp\/v2\/media\/4184"}],"wp:attachment":[{"href":"https:\/\/www.cvs-avocats.com\/fr\/wp-json\/wp\/v2\/media?parent=4183"}],"wp:term":[{"taxonomy":"category","embeddable":true,"href":"https:\/\/www.cvs-avocats.com\/fr\/wp-json\/wp\/v2\/categories?post=4183"},{"taxonomy":"post_tag","embeddable":true,"href":"https:\/\/www.cvs-avocats.com\/fr\/wp-json\/wp\/v2\/tags?post=4183"}],"curies":[{"name":"wp","href":"https:\/\/api.w.org\/{rel}","templated":true}]}}