{"id":4147,"date":"2023-10-25T17:27:40","date_gmt":"2023-10-25T15:27:40","guid":{"rendered":"https:\/\/www.cvs-avocats.com\/flexirub\/"},"modified":"2024-04-23T12:27:28","modified_gmt":"2024-04-23T10:27:28","slug":"flexirub","status":"publish","type":"post","link":"https:\/\/www.cvs-avocats.com\/fr\/flexirub\/","title":{"rendered":"Cornet Vincent S\u00e9gurel conseille le dirigeant repreneur de Flexirub"},"content":{"rendered":"\n<div class=\"wp-block-group\"><div class=\"wp-block-group__inner-container is-layout-constrained wp-block-group-is-layout-constrained\">\n<p>Yoann Rou\u00e9 avait rejoint Flexirub en 2009, faisant son entr\u00e9e au capital de la soci\u00e9t\u00e9 d\u00e8s 2012 \u00e0 hauteur de 2%. A l\u2019issue de cette op\u00e9ration, il devient majoritaire. Patrick R\u00e9gnier r\u00e9investit quant \u00e0 lui \u00e0 l&rsquo;occasion de cette transmission tout comme le fonds d\u2019investissement Unexo, qui accompagne la soci\u00e9t\u00e9 depuis 2000. Bpifrance fait de son c\u00f4t\u00e9 son entr\u00e9e au capital avec une prise de participation minoritaire.<\/p>\n\n\n\n<p>Cr\u00e9\u00e9e en 1996 et bas\u00e9e \u00e0 Saint-Thurial (35) pr\u00e8s de Rennes, la soci\u00e9t\u00e9 Flexirub a d\u00e9velopp\u00e9 un concept innovant de solutions d\u2019\u00e9tanch\u00e9it\u00e9 pr\u00e9fabriqu\u00e9es. Flexirub con\u00e7oit et fabrique des pi\u00e8ces sur-mesure d\u2019\u00e9tanch\u00e9it\u00e9 en EPDM pour \u00e9quiper des toitures plates, bassins, citernes, fa\u00e7ades et fondations. Flexirub emploie 62 collaborateurs et a r\u00e9alis\u00e9 en 2022 un chiffre d\u2019affaires de 11 millions d\u2019euros.<\/p>\n\n\n\n<h3 class=\"wp-block-heading\"><u>Intervenants\u00a0<\/u>:<\/h3>\n\n\n\n<p><strong>Flexirub : <\/strong>Yoann Rou\u00e9, Patrick R\u00e9gnier<em>.<\/em><\/p>\n\n\n\n<p><strong>Unexo :<\/strong> Pierre-Emmanuel Lemarchand, Maryan Deroo<\/p>\n\n\n\n<p><strong>Bpifrance Investissement :<\/strong> Emmanuel Chombart de Lauwe, Alain Fakhoury<\/p>\n\n\n\n<p><strong>Dette&nbsp;:<\/strong> Banque Populaire Grand Ouest, Cr\u00e9dit Agricole Ille-et-Vilaine, BNP Paribas<\/p>\n\n\n\n<h3 class=\"wp-block-heading\"><u>Conseils :<\/u><\/h3>\n\n\n\n<p><strong>Avocats Dirigeants : <\/strong>Cornet Vincent S\u00e9gurel (Ren\u00e9-Pierre Andlauer, Aur\u00e9lien Bourdais)<\/p>\n\n\n\n<p><strong>Conseil M&amp;A Acqu\u00e9reur&nbsp;: <\/strong>Otoktone (Sonia Trabelsi-Goulet)<\/p>\n\n\n\n<p><strong>Avocats Unexo<\/strong>&nbsp;: Hoalen avocats (H\u00e9l\u00e8ne Magineau, Micka\u00ebl Goupil, Fanny Doignon)<\/p>\n\n\n\n<p><strong>Due Diligence Financi\u00e8re&nbsp;:<\/strong> CP&amp;A Corporate Finance (Eduardo Torrente, Armel P\u00e9dron)<\/p>\n\n\n\n<p><strong>Conseil Financement : <\/strong>Otoktone (Th\u00e9o Guilloux)<\/p>\n<\/div><\/div>\n","protected":false},"excerpt":{"rendered":"<p>Patrick R\u00e9gnier, le fondateur de Flexirub, fabricant de membrane pour l&rsquo;\u00e9tanch\u00e9it\u00e9, transmet son entreprise \u00e0 Yoann Rou\u00e9, jusqu\u2019alors Directeur G\u00e9n\u00e9ral, soutenu par Unexo et Bpifrance.<\/p>\n","protected":false},"author":7,"featured_media":4148,"comment_status":"closed","ping_status":"closed","sticky":false,"template":"","format":"standard","meta":{"_acf_changed":false,"footnotes":""},"categories":[16],"tags":[],"class_list":["post-4147","post","type-post","status-publish","format-standard","has-post-thumbnail","hentry","category-communique"],"acf":[],"_links":{"self":[{"href":"https:\/\/www.cvs-avocats.com\/fr\/wp-json\/wp\/v2\/posts\/4147","targetHints":{"allow":["GET"]}}],"collection":[{"href":"https:\/\/www.cvs-avocats.com\/fr\/wp-json\/wp\/v2\/posts"}],"about":[{"href":"https:\/\/www.cvs-avocats.com\/fr\/wp-json\/wp\/v2\/types\/post"}],"author":[{"embeddable":true,"href":"https:\/\/www.cvs-avocats.com\/fr\/wp-json\/wp\/v2\/users\/7"}],"replies":[{"embeddable":true,"href":"https:\/\/www.cvs-avocats.com\/fr\/wp-json\/wp\/v2\/comments?post=4147"}],"version-history":[{"count":0,"href":"https:\/\/www.cvs-avocats.com\/fr\/wp-json\/wp\/v2\/posts\/4147\/revisions"}],"wp:featuredmedia":[{"embeddable":true,"href":"https:\/\/www.cvs-avocats.com\/fr\/wp-json\/wp\/v2\/media\/4148"}],"wp:attachment":[{"href":"https:\/\/www.cvs-avocats.com\/fr\/wp-json\/wp\/v2\/media?parent=4147"}],"wp:term":[{"taxonomy":"category","embeddable":true,"href":"https:\/\/www.cvs-avocats.com\/fr\/wp-json\/wp\/v2\/categories?post=4147"},{"taxonomy":"post_tag","embeddable":true,"href":"https:\/\/www.cvs-avocats.com\/fr\/wp-json\/wp\/v2\/tags?post=4147"}],"curies":[{"name":"wp","href":"https:\/\/api.w.org\/{rel}","templated":true}]}}