{"id":4025,"date":"2023-07-27T14:38:45","date_gmt":"2023-07-27T12:38:45","guid":{"rendered":"https:\/\/www.cvs-avocats.com\/turenne-groupe-prise-participation-capital-groupe-vigier\/"},"modified":"2025-08-21T15:59:37","modified_gmt":"2025-08-21T13:59:37","slug":"turenne-groupe-prise-participation-capital-groupe-vigier","status":"publish","type":"post","link":"https:\/\/www.cvs-avocats.com\/fr\/turenne-groupe-prise-participation-capital-groupe-vigier\/","title":{"rendered":"Cornet Vincent S\u00e9gurel accompagne Turenne Groupe pour sa prise de participation au capital du groupe Vigier"},"content":{"rendered":"\n<div class=\"wp-block-group\"><div class=\"wp-block-group__inner-container is-layout-constrained wp-block-group-is-layout-constrained\">\n<p>L&rsquo;op\u00e9ration permet la sortie des actionnaires familiaux historiques du groupe Vigier au profit de deux dirigeants op\u00e9rationnels en place depuis plus de 20 ans, MM. S\u00e9bastien Frouin et Gr\u00e9gory Saerens, qui deviennent majoritaires au capital.<\/p>\n\n\n\n<p>En soutien de l\u2019op\u00e9ration, Turenne Groupe fait son entr\u00e9e au capital du groupe via son fonds Nov Relance Impact, qui r\u00e9alise son septi\u00e8me investissement. Le financement est assur\u00e9 par une dette senior arrang\u00e9e par le Cr\u00e9dit Agricole Mutuel Charente P\u00e9rigord.<\/p>\n\n\n\n<p>Cette op\u00e9ration de MBO devrait \u00e9galement permettre d\u2019associer au capital une nouvelle g\u00e9n\u00e9ration de cadres et d\u2019acc\u00e9l\u00e9rer la transformation RSE du groupe d\u00e9j\u00e0 engag\u00e9e il y a plusieurs ann\u00e9es, notamment par la mise en place d&rsquo;un m\u00e9canisme de partage de la cr\u00e9ation de valeur au b\u00e9n\u00e9fice de l&rsquo;ensemble des salari\u00e9s. &nbsp;<\/p>\n\n\n\n<p>Cr\u00e9\u00e9 en 1947 par la famille Vigier, le groupe Vigier est un sp\u00e9cialiste de la construction m\u00e9tallique de b\u00e2timents d&rsquo;activit\u00e9 tertiaire et d\u2019ouvrages de g\u00e9nie civil industriel. Acteur r\u00e9gional en Nouvelle-Aquitaine, le groupe p\u00e9rigourdin a r\u00e9alis\u00e9 57 millions d\u2019euros de chiffre d\u2019affaires en 2022 et emploie 230 salari\u00e9s r\u00e9partis entre son si\u00e8ge social, pr\u00e8s de P\u00e9rigueux, et des sites en Dordogne, Gironde et Charente-Maritime.<\/p>\n\n\n\n<p>\u00ab&nbsp;<em>Le projet de d\u00e9veloppement port\u00e9 par les deux dirigeants et leurs cadres nous a s\u00e9duit par son ambition r\u00e9solument engag\u00e9e et partag\u00e9e. L\u2019accompagnement de la transmission aux cadres et le syst\u00e8me de partage de la valeur, qui sera mis en place dans le contexte de cette op\u00e9ration, combin\u00e9s aux d\u00e9marches RSE existantes ainsi que les valeurs port\u00e9es par le management du groupe sont totalement en ad\u00e9quation avec la th\u00e8se d\u2019investissement du Fonds Nov Relance Impact. Nous sommes extr\u00eamement enthousiastes \u00e0 l\u2019id\u00e9e d\u2019accompagner les dirigeants et les collaborateurs du groupe Vigier dans cette nouvelle \u00e9tape <\/em>\u00bb, comment Alexandre Joubert, directeur d\u2019investissement chez Turenne Groupe.<\/p>\n\n\n\n<h3 class=\"wp-block-heading\"><u>Intervenants <\/u><strong>:<\/strong><\/h3>\n\n\n\n<p><strong>Vigier Groupe : <\/strong>S\u00e9bastien FROUIN (Pr\u00e9sident), Gr\u00e9gory SAERENS (Pr\u00e9sident), Philippe DUCLUSEAU (Directeur Administratif et Financier)<\/p>\n\n\n\n<p><strong>Turenne Groupe : <\/strong>Alexandre JOUBERT, Mathilde SERRES, Paul WESTEEL<\/p>\n\n\n\n<p><strong>Dette&nbsp;: <\/strong>Cr\u00e9dit Agricole Mutuel Charente P\u00e9rigord (Matthieu BARRAULT, Olivier COURTOIS)<\/p>\n\n\n\n<h3 class=\"wp-block-heading\"><u><span style=\"text-decoration: underline;\">Conseils<\/span><\/u><strong><span style=\"text-decoration: underline;\">&nbsp;:<\/span><\/strong><\/h3>\n\n\n\n<p><strong>Conseil M&amp;A Vigier Groupe : <\/strong>Soci\u00e9t\u00e9 G\u00e9n\u00e9rale (Caroline DUCLOS, Pierre LE GOFF)<\/p>\n\n\n\n<p><strong>Avocats Turenne Groupe : <\/strong>Cornet Vincent S\u00e9gurel<\/p>\n\n\n\n<ul class=\"wp-block-list\">\n<li><strong>Corporate, coordination&nbsp;et Due Diligence juridique :<\/strong> St\u00e9phanie GERARD, Claire JAGUENEAU<\/li>\n\n\n\n<li><strong>Due diligence sociale&nbsp;:<\/strong> Anne PITAULT, Antoine LOSSE<\/li>\n\n\n\n<li><strong>Due diligence fiscale&nbsp;:<\/strong> Anne-Claire BARRAULT<\/li>\n<\/ul>\n\n\n\n<p><strong>Avocats Managers&nbsp;: <\/strong>Fidal (Laurent BINEAUD)<\/p>\n\n\n\n<p><strong>Due Dilligence financi\u00e8re : <\/strong>Deloitte (Bertrand CHABOUSSOU, Rodolph LE ROHO, Arthur METGE)<\/p>\n\n\n\n<p><strong>Due Dilligence ESG&nbsp;: <\/strong>ACA Nexia (Sandrine GIMAT, Elona PLICHON)<\/p>\n\n\n\n<p><strong>Avocat Dette :<\/strong> August Debouzy (Laure BONIN, Driss TLEM\u00c7ANI)<\/p>\n\n\n\n<p><strong>Conseil<\/strong> <strong>couverture taux d\u2019int\u00e9r\u00eats&nbsp;: <\/strong>KERIUS (S\u00e9bastien ROUZAIRE, Solal HUARD, Marion DONDIN)<\/p>\n<\/div><\/div>\n","protected":false},"excerpt":{"rendered":"<p>Le groupe Vigier organise sa transmission avec l\u2019appui de Turenne Groupe, conseill\u00e9 par une \u00e9quipe pluridisciplinaire du cabinet d\u2019avocats Cornet Vincent S\u00e9gurel.<\/p>\n","protected":false},"author":7,"featured_media":4026,"comment_status":"closed","ping_status":"closed","sticky":false,"template":"","format":"standard","meta":{"_acf_changed":true,"footnotes":""},"categories":[16],"tags":[],"class_list":["post-4025","post","type-post","status-publish","format-standard","has-post-thumbnail","hentry","category-communique"],"acf":[],"_links":{"self":[{"href":"https:\/\/www.cvs-avocats.com\/fr\/wp-json\/wp\/v2\/posts\/4025","targetHints":{"allow":["GET"]}}],"collection":[{"href":"https:\/\/www.cvs-avocats.com\/fr\/wp-json\/wp\/v2\/posts"}],"about":[{"href":"https:\/\/www.cvs-avocats.com\/fr\/wp-json\/wp\/v2\/types\/post"}],"author":[{"embeddable":true,"href":"https:\/\/www.cvs-avocats.com\/fr\/wp-json\/wp\/v2\/users\/7"}],"replies":[{"embeddable":true,"href":"https:\/\/www.cvs-avocats.com\/fr\/wp-json\/wp\/v2\/comments?post=4025"}],"version-history":[{"count":0,"href":"https:\/\/www.cvs-avocats.com\/fr\/wp-json\/wp\/v2\/posts\/4025\/revisions"}],"wp:featuredmedia":[{"embeddable":true,"href":"https:\/\/www.cvs-avocats.com\/fr\/wp-json\/wp\/v2\/media\/4026"}],"wp:attachment":[{"href":"https:\/\/www.cvs-avocats.com\/fr\/wp-json\/wp\/v2\/media?parent=4025"}],"wp:term":[{"taxonomy":"category","embeddable":true,"href":"https:\/\/www.cvs-avocats.com\/fr\/wp-json\/wp\/v2\/categories?post=4025"},{"taxonomy":"post_tag","embeddable":true,"href":"https:\/\/www.cvs-avocats.com\/fr\/wp-json\/wp\/v2\/tags?post=4025"}],"curies":[{"name":"wp","href":"https:\/\/api.w.org\/{rel}","templated":true}]}}