{"id":4022,"date":"2023-07-25T17:25:50","date_gmt":"2023-07-25T15:25:50","guid":{"rendered":"https:\/\/www.cvs-avocats.com\/menlog-cession-groupe-isagri-editeur\/"},"modified":"2024-04-23T14:54:45","modified_gmt":"2024-04-23T12:54:45","slug":"menlog-cession-groupe-isagri-editeur","status":"publish","type":"post","link":"https:\/\/www.cvs-avocats.com\/fr\/menlog-cession-groupe-isagri-editeur\/","title":{"rendered":"Cornet Vincent S\u00e9gurel accompagne les dirigeants et fondateurs de Menlog pour la cession de l\u2019\u00e9diteur au groupe Isagri"},"content":{"rendered":"\n<div class=\"wp-block-group\"><div class=\"wp-block-group__inner-container is-layout-constrained wp-block-group-is-layout-constrained\">\n<p>Bas\u00e9e \u00e0 Pont L\u2019Abb\u00e9 (29), la soci\u00e9t\u00e9 Menlog est un \u00e9diteur de solutions d&rsquo;encaissement et de gestion de magasins, leader chez les boulangeries et r\u00e9f\u00e9rent pour les m\u00e9tiers de bouche. Cr\u00e9\u00e9e par Bruno Le Pezron et Tanguy Kernoa en 1994, l\u2019entreprise est co-dirig\u00e9e depuis 8 ans avec Arnaud Le Roy. &nbsp;<\/p>\n\n\n\n<p>Ces derniers c\u00e8dent donc l\u2019ensemble de leurs participations au capital de Menlog au Groupe Isagri, acteur international de la digitalisation des fili\u00e8res agricoles et de la cha\u00eene agroalimentaire. Bas\u00e9 \u00e0 Beauvais (60), le Groupe Isagri compte 2 500 collaborateurs, plus de 140&nbsp;000 clients et 11 filiales en Europe, au Canada et en Chine. Arnaud Le Roy conserve la Direction g\u00e9n\u00e9rale de Menlog, \u00e9paul\u00e9 par Tanguy Kernoa, tandis que Bruno Le Pezron quittera la soci\u00e9t\u00e9 pour prendre sa retraite \u00e0 l\u2019automne prochain.<\/p>\n\n\n\n<p>En rejoignant le Groupe Isagri, Menlog et ses 45 collaborateurs ont pour ambition de devenir le leader sur l&rsquo;ensemble du march\u00e9 des m\u00e9tiers de bouche (boucheries, poissonneries, restauration rapide, chocolatiers&#8230;) dans les 5 ans \u00e0 venir. Pour atteindre cet objectif, les \u00e9quipes de Menlog s\u2019enrichiront de l\u2019exp\u00e9rience et du savoir-faire des filiales du Groupe Isagri, ainsi que de leur pr\u00e9sence en France et en Europe pour \u00e9largir le rayonnement de Menlog sur le territoire.<\/p>\n\n\n\n<h3 class=\"wp-block-heading\"><u>Intervenants<\/u> :<\/h3>\n\n\n\n<p><strong>C\u00e9dants <\/strong>: Arnaud Le Roy (Directeur G\u00e9n\u00e9ral), Bruno Le Pezron et Tanguy Kernoa (co-fondateurs)<\/p>\n\n\n\n<p><strong>Acqu\u00e9reur : <\/strong>Groupe Isagri (Jean-Marie Savalle, Pr\u00e9sident, Bertran Giraud, Directeur des partenariats)<\/p>\n\n\n\n<h3 class=\"wp-block-heading\"><span style=\"text-decoration: underline;\"><u>Conseils<\/u>\u00a0:<\/span><\/h3>\n\n\n\n<p><strong>Avocats C\u00e9dants : <\/strong>Cornet Vincent S\u00e9gurel (Pierre Lamidon, Pauline Jolivet)<\/p>\n\n\n\n<p><strong>Avocats Acqu\u00e9reur <\/strong>: Themis Avocats (Charlotte Lagrange, Marina Cave)<\/p>\n<\/div><\/div>\n","protected":false},"excerpt":{"rendered":"<p>Isagri acquiert 100% du capital de Menlog aupr\u00e8s de ses fondateurs et dirigeants, les Directeurs G\u00e9n\u00e9raux conservant leurs fonctions de direction.<\/p>\n","protected":false},"author":7,"featured_media":4023,"comment_status":"closed","ping_status":"closed","sticky":false,"template":"","format":"standard","meta":{"_acf_changed":false,"footnotes":""},"categories":[16],"tags":[],"class_list":["post-4022","post","type-post","status-publish","format-standard","has-post-thumbnail","hentry","category-communique"],"acf":[],"_links":{"self":[{"href":"https:\/\/www.cvs-avocats.com\/fr\/wp-json\/wp\/v2\/posts\/4022","targetHints":{"allow":["GET"]}}],"collection":[{"href":"https:\/\/www.cvs-avocats.com\/fr\/wp-json\/wp\/v2\/posts"}],"about":[{"href":"https:\/\/www.cvs-avocats.com\/fr\/wp-json\/wp\/v2\/types\/post"}],"author":[{"embeddable":true,"href":"https:\/\/www.cvs-avocats.com\/fr\/wp-json\/wp\/v2\/users\/7"}],"replies":[{"embeddable":true,"href":"https:\/\/www.cvs-avocats.com\/fr\/wp-json\/wp\/v2\/comments?post=4022"}],"version-history":[{"count":0,"href":"https:\/\/www.cvs-avocats.com\/fr\/wp-json\/wp\/v2\/posts\/4022\/revisions"}],"wp:featuredmedia":[{"embeddable":true,"href":"https:\/\/www.cvs-avocats.com\/fr\/wp-json\/wp\/v2\/media\/4023"}],"wp:attachment":[{"href":"https:\/\/www.cvs-avocats.com\/fr\/wp-json\/wp\/v2\/media?parent=4022"}],"wp:term":[{"taxonomy":"category","embeddable":true,"href":"https:\/\/www.cvs-avocats.com\/fr\/wp-json\/wp\/v2\/categories?post=4022"},{"taxonomy":"post_tag","embeddable":true,"href":"https:\/\/www.cvs-avocats.com\/fr\/wp-json\/wp\/v2\/tags?post=4022"}],"curies":[{"name":"wp","href":"https:\/\/api.w.org\/{rel}","templated":true}]}}