{"id":3978,"date":"2023-07-03T16:40:51","date_gmt":"2023-07-03T14:40:51","guid":{"rendered":"https:\/\/www.cvs-avocats.com\/caducite-declaration-appel-force-majeure\/"},"modified":"2024-04-24T15:30:59","modified_gmt":"2024-04-24T13:30:59","slug":"caducite-declaration-appel-force-majeure","status":"publish","type":"post","link":"https:\/\/www.cvs-avocats.com\/fr\/caducite-declaration-appel-force-majeure\/","title":{"rendered":"Caducit\u00e9 de la d\u00e9claration d&rsquo;appel : dans quels cas la force majeure peut-elle \u00eatre invoqu\u00e9e ?"},"content":{"rendered":"\n<div class=\"wp-block-group\"><div class=\"wp-block-group__inner-container is-layout-constrained wp-block-group-is-layout-constrained\">\n<p>Par un arr\u00eat du 17 mai 2023, la Cour de cassation pr\u00e9cise que constitue un cas de force majeure, au sens de l&rsquo;article 910-3 du Code de proc\u00e9dure civile \u00ab\u00a0la circonstance non imputable au fait de la partie qui l&rsquo;invoque et qui rev\u00eat pour elle un caract\u00e8re insurmontable\u00a0\u00bb.&nbsp;<\/p>\n\n\n\n<p>D\u00e8s lors, des conclusions peuvent \u00eatre d\u00e9pos\u00e9es tardivement en cas de force majeure, notamment si l&rsquo;avocat d&rsquo;une des parties s&rsquo;est trouv\u00e9 dans l&rsquo;incapacit\u00e9 d&rsquo;exercer sa profession pendant la p\u00e9riode au cours de laquelle le d\u00e9lai de d\u00e9p\u00f4t du m\u00e9moire avait expir\u00e9.&nbsp;<\/p>\n\n\n\n<p>Judith LEWERTOWSKI, avocat sp\u00e9cialis\u00e9 en Contentieux, a apport\u00e9 son \u00e9clairage \u00e0 ce sujet pour Eurojuris.\u00a0<\/p>\n\n\n\n<div style=\"height:7px\" aria-hidden=\"true\" class=\"wp-block-spacer\"><\/div>\n\n\n\n<div class=\"wp-block-buttons is-layout-flex wp-block-buttons-is-layout-flex\">\n<div class=\"wp-block-button is-style-animated-link\"><a class=\"wp-block-button__link wp-element-button\" href=\"https:\/\/www.eurojuris.fr\/articles-des-membres\/actus-particuliers\/actus-civil-penal\/procedure-civile\/articles\/caducite-declaration-appel-appreciation-force-majeure-41715.htm\">Retrouvez l&rsquo;article en int\u00e9gralit\u00e9<\/a><\/div>\n<\/div>\n<\/div><\/div>\n","protected":false},"excerpt":{"rendered":"<p>Par un arr\u00eat du 17 mai 2023, la Cour de cassation pr\u00e9cise que constitue un cas de force majeure, au sens de l&rsquo;article 910-3 du Code de proc\u00e9dure civile \u00ab\u00a0la circonstance non imputable au fait de la partie qui l&rsquo;invoque et qui rev\u00eat pour elle un caract\u00e8re insurmontable\u00a0\u00bb.<\/p>\n","protected":false},"author":7,"featured_media":3979,"comment_status":"closed","ping_status":"closed","sticky":false,"template":"","format":"standard","meta":{"_acf_changed":false,"footnotes":""},"categories":[15],"tags":[],"class_list":["post-3978","post","type-post","status-publish","format-standard","has-post-thumbnail","hentry","category-publications"],"acf":[],"_links":{"self":[{"href":"https:\/\/www.cvs-avocats.com\/fr\/wp-json\/wp\/v2\/posts\/3978","targetHints":{"allow":["GET"]}}],"collection":[{"href":"https:\/\/www.cvs-avocats.com\/fr\/wp-json\/wp\/v2\/posts"}],"about":[{"href":"https:\/\/www.cvs-avocats.com\/fr\/wp-json\/wp\/v2\/types\/post"}],"author":[{"embeddable":true,"href":"https:\/\/www.cvs-avocats.com\/fr\/wp-json\/wp\/v2\/users\/7"}],"replies":[{"embeddable":true,"href":"https:\/\/www.cvs-avocats.com\/fr\/wp-json\/wp\/v2\/comments?post=3978"}],"version-history":[{"count":0,"href":"https:\/\/www.cvs-avocats.com\/fr\/wp-json\/wp\/v2\/posts\/3978\/revisions"}],"wp:featuredmedia":[{"embeddable":true,"href":"https:\/\/www.cvs-avocats.com\/fr\/wp-json\/wp\/v2\/media\/3979"}],"wp:attachment":[{"href":"https:\/\/www.cvs-avocats.com\/fr\/wp-json\/wp\/v2\/media?parent=3978"}],"wp:term":[{"taxonomy":"category","embeddable":true,"href":"https:\/\/www.cvs-avocats.com\/fr\/wp-json\/wp\/v2\/categories?post=3978"},{"taxonomy":"post_tag","embeddable":true,"href":"https:\/\/www.cvs-avocats.com\/fr\/wp-json\/wp\/v2\/tags?post=3978"}],"curies":[{"name":"wp","href":"https:\/\/api.w.org\/{rel}","templated":true}]}}