{"id":3940,"date":"2023-05-02T11:26:33","date_gmt":"2023-05-02T09:26:33","guid":{"rendered":"https:\/\/www.cvs-avocats.com\/loi-egalim-3\/"},"modified":"2024-04-30T15:57:54","modified_gmt":"2024-04-30T13:57:54","slug":"loi-egalim-3","status":"publish","type":"post","link":"https:\/\/www.cvs-avocats.com\/fr\/loi-egalim-3\/","title":{"rendered":"Loi Egalim 3 : toutes les mesures pratiques \u00e0 retenir pour les entreprises"},"content":{"rendered":"\n<div class=\"wp-block-group\"><div class=\"wp-block-group__inner-container is-layout-constrained wp-block-group-is-layout-constrained\">\n<p>Le 31 mars 2023, la loi tendant \u00e0 renforcer l&rsquo;\u00e9quilibre dans les relations commerciales entre fournisseurs et distributeurs, dite \u00ab\u00a0Egalim 3\u00a0\u00bb a \u00e9t\u00e9 publi\u00e9e au Journal officiel.<\/p>\n\n\n\n<p>Romain HANACHOWICZ, avocat expert en Droit de la distribution \u00e0 Lyon, revient sur les mesures pratiques \u00e0 retenir pour les entreprises, pour Editions L\u00e9gislatives.<\/p>\n\n\n\n<div style=\"height:9px\" aria-hidden=\"true\" class=\"wp-block-spacer\"><\/div>\n\n\n\n<div class=\"wp-block-buttons is-layout-flex wp-block-buttons-is-layout-flex\">\n<div class=\"wp-block-button is-style-animated-link\"><a class=\"wp-block-button__link wp-element-button\" href=\"https:\/\/www.actuel-direction-juridique.fr\/content\/la-loi-egalim-3-vise-restaurer-de-la-valeur-dans-la-chaine-de-distribution-romain\">Retrouvez l&rsquo;int\u00e9gralit\u00e9 du l&rsquo;article<\/a><\/div>\n<\/div>\n<\/div><\/div>\n","protected":false},"excerpt":{"rendered":"<p>Le 31 mars 2023, la loi tendant \u00e0 renforcer l&rsquo;\u00e9quilibre dans les relations commerciales entre fournisseurs et distributeurs, dite \u00ab\u00a0Egalim 3\u00a0\u00bb a \u00e9t\u00e9 publi\u00e9e au Journal officiel.<\/p>\n","protected":false},"author":7,"featured_media":3941,"comment_status":"closed","ping_status":"closed","sticky":false,"template":"","format":"standard","meta":{"_acf_changed":false,"footnotes":""},"categories":[15],"tags":[],"class_list":["post-3940","post","type-post","status-publish","format-standard","has-post-thumbnail","hentry","category-publications"],"acf":[],"_links":{"self":[{"href":"https:\/\/www.cvs-avocats.com\/fr\/wp-json\/wp\/v2\/posts\/3940","targetHints":{"allow":["GET"]}}],"collection":[{"href":"https:\/\/www.cvs-avocats.com\/fr\/wp-json\/wp\/v2\/posts"}],"about":[{"href":"https:\/\/www.cvs-avocats.com\/fr\/wp-json\/wp\/v2\/types\/post"}],"author":[{"embeddable":true,"href":"https:\/\/www.cvs-avocats.com\/fr\/wp-json\/wp\/v2\/users\/7"}],"replies":[{"embeddable":true,"href":"https:\/\/www.cvs-avocats.com\/fr\/wp-json\/wp\/v2\/comments?post=3940"}],"version-history":[{"count":0,"href":"https:\/\/www.cvs-avocats.com\/fr\/wp-json\/wp\/v2\/posts\/3940\/revisions"}],"wp:featuredmedia":[{"embeddable":true,"href":"https:\/\/www.cvs-avocats.com\/fr\/wp-json\/wp\/v2\/media\/3941"}],"wp:attachment":[{"href":"https:\/\/www.cvs-avocats.com\/fr\/wp-json\/wp\/v2\/media?parent=3940"}],"wp:term":[{"taxonomy":"category","embeddable":true,"href":"https:\/\/www.cvs-avocats.com\/fr\/wp-json\/wp\/v2\/categories?post=3940"},{"taxonomy":"post_tag","embeddable":true,"href":"https:\/\/www.cvs-avocats.com\/fr\/wp-json\/wp\/v2\/tags?post=3940"}],"curies":[{"name":"wp","href":"https:\/\/api.w.org\/{rel}","templated":true}]}}