{"id":3823,"date":"2023-01-16T16:43:30","date_gmt":"2023-01-16T15:43:30","guid":{"rendered":"https:\/\/www.cvs-avocats.com\/anticipation-cle-transmettre-entreprise-familiale-nicolas-palos-avocat-associe-1\/"},"modified":"2025-03-03T16:05:41","modified_gmt":"2025-03-03T15:05:41","slug":"anticipation-cle-transmettre-entreprise-familiale-nicolas-palos-avocat-associe-1","status":"publish","type":"post","link":"https:\/\/www.cvs-avocats.com\/fr\/anticipation-cle-transmettre-entreprise-familiale-nicolas-palos-avocat-associe-1\/","title":{"rendered":"\u00ab L&rsquo;anticipation est cl\u00e9 pour transmettre une entreprise familiale. \u00bb Nicolas Palos, avocat associ\u00e9"},"content":{"rendered":"<div class=\"section__body\">\n<div class=\"block-strong-text\">\n<p>Nicolas Palos, avocat associ\u00e9 chez Cornet Vincent S\u00e9gurel, aborde sur Take the Lead, le podcast collaboratif entre WeNextGen et la Chaire Entrepreneuriat Familial et Soci\u00e9t\u00e9 d&rsquo;Audencia, le sujet de la valorisation d&rsquo;une entreprise familiale et le co\u00fbt fiscal associ\u00e9 dans le cadre d&rsquo;une transmission.<\/p>\n<\/div>\n<ul class=\"list-icons\">\n<li><a href=\"https:\/\/podcast-entrepreneuriat.audencia.com\/take-the-lead-e8-nicolas-palos-avocat-associe-cornet-vincent-segurel\/\">Ecouter le podcast<\/a><\/li>\n<\/ul>\n<\/div>\n","protected":false},"excerpt":{"rendered":"<p>Nicolas Palos, avocat associ\u00e9 chez Cornet Vincent S\u00e9gurel, aborde sur Take the Lead, le podcast collaboratif entre WeNextGen et la Chaire Entrepreneuriat Familial et Soci\u00e9t\u00e9 d&rsquo;Audencia, le sujet de la valorisation d&rsquo;une entreprise familiale et le co\u00fbt fiscal associ\u00e9 dans le cadre d&rsquo;une transmission. Ecouter le podcast<\/p>\n","protected":false},"author":18,"featured_media":3821,"comment_status":"closed","ping_status":"closed","sticky":false,"template":"","format":"standard","meta":{"_acf_changed":false,"footnotes":""},"categories":[15],"tags":[],"class_list":["post-3823","post","type-post","status-publish","format-standard","has-post-thumbnail","hentry","category-publications"],"acf":[],"_links":{"self":[{"href":"https:\/\/www.cvs-avocats.com\/fr\/wp-json\/wp\/v2\/posts\/3823","targetHints":{"allow":["GET"]}}],"collection":[{"href":"https:\/\/www.cvs-avocats.com\/fr\/wp-json\/wp\/v2\/posts"}],"about":[{"href":"https:\/\/www.cvs-avocats.com\/fr\/wp-json\/wp\/v2\/types\/post"}],"author":[{"embeddable":true,"href":"https:\/\/www.cvs-avocats.com\/fr\/wp-json\/wp\/v2\/users\/18"}],"replies":[{"embeddable":true,"href":"https:\/\/www.cvs-avocats.com\/fr\/wp-json\/wp\/v2\/comments?post=3823"}],"version-history":[{"count":0,"href":"https:\/\/www.cvs-avocats.com\/fr\/wp-json\/wp\/v2\/posts\/3823\/revisions"}],"wp:featuredmedia":[{"embeddable":true,"href":"https:\/\/www.cvs-avocats.com\/fr\/wp-json\/wp\/v2\/media\/3821"}],"wp:attachment":[{"href":"https:\/\/www.cvs-avocats.com\/fr\/wp-json\/wp\/v2\/media?parent=3823"}],"wp:term":[{"taxonomy":"category","embeddable":true,"href":"https:\/\/www.cvs-avocats.com\/fr\/wp-json\/wp\/v2\/categories?post=3823"},{"taxonomy":"post_tag","embeddable":true,"href":"https:\/\/www.cvs-avocats.com\/fr\/wp-json\/wp\/v2\/tags?post=3823"}],"curies":[{"name":"wp","href":"https:\/\/api.w.org\/{rel}","templated":true}]}}