{"id":3787,"date":"2022-12-02T16:50:06","date_gmt":"2022-12-02T15:50:06","guid":{"rendered":"https:\/\/www.cvs-avocats.com\/voir-foot-travail\/"},"modified":"2025-03-03T16:57:38","modified_gmt":"2025-03-03T15:57:38","slug":"voir-foot-travail","status":"publish","type":"post","link":"https:\/\/www.cvs-avocats.com\/fr\/voir-foot-travail\/","title":{"rendered":"Peut-on voir le foot au travail ?"},"content":{"rendered":"<div class=\"section__body\">\n<div class=\"block-strong-text\">\n<p>Est-il l\u00e9gal de regarder une comp\u00e9tition sportive quand on travaille\u00a0? Une question qui se pose en pleine coupe du monde de football et soul\u00e8ve deux probl\u00e9matiques\u00a0: celle relative au temps de travail et celle aff\u00e9rente au mat\u00e9riel professionnel mis \u00e0 disposition des salari\u00e9s (connexion Internet et ordinateur ou smartphone).<\/p>\n<\/div>\n<article class=\"article-normal\">\n<div class=\"article__entry\">\n<p>R\u00e9ponses de Me Magali Bussac, avocat directeur au sein du cabinet Cornet Vincent S\u00e9gurel, \u00e0 Paris.<\/p>\n<\/div>\n<\/article>\n<ul class=\"list-icons\">\n<li><a href=\"https:\/\/courriercadres.com\/peut-on-voir-le-foot-au-travail\/\">Retrouvez l&rsquo;article de Courrier Cadres<\/a><\/li>\n<\/ul>\n<\/div>\n","protected":false},"excerpt":{"rendered":"<p>Est-il l\u00e9gal de regarder une comp\u00e9tition sportive quand on travaille\u00a0? Une question qui se pose en pleine coupe du monde de football et soul\u00e8ve deux probl\u00e9matiques\u00a0: celle relative au temps de travail et celle aff\u00e9rente au mat\u00e9riel professionnel mis \u00e0 disposition des salari\u00e9s (connexion Internet et ordinateur ou smartphone). R\u00e9ponses de Me Magali Bussac, avocat [&hellip;]<\/p>\n","protected":false},"author":18,"featured_media":3788,"comment_status":"closed","ping_status":"closed","sticky":false,"template":"","format":"standard","meta":{"_acf_changed":false,"footnotes":""},"categories":[15],"tags":[],"class_list":["post-3787","post","type-post","status-publish","format-standard","has-post-thumbnail","hentry","category-publications"],"acf":[],"_links":{"self":[{"href":"https:\/\/www.cvs-avocats.com\/fr\/wp-json\/wp\/v2\/posts\/3787","targetHints":{"allow":["GET"]}}],"collection":[{"href":"https:\/\/www.cvs-avocats.com\/fr\/wp-json\/wp\/v2\/posts"}],"about":[{"href":"https:\/\/www.cvs-avocats.com\/fr\/wp-json\/wp\/v2\/types\/post"}],"author":[{"embeddable":true,"href":"https:\/\/www.cvs-avocats.com\/fr\/wp-json\/wp\/v2\/users\/18"}],"replies":[{"embeddable":true,"href":"https:\/\/www.cvs-avocats.com\/fr\/wp-json\/wp\/v2\/comments?post=3787"}],"version-history":[{"count":0,"href":"https:\/\/www.cvs-avocats.com\/fr\/wp-json\/wp\/v2\/posts\/3787\/revisions"}],"wp:featuredmedia":[{"embeddable":true,"href":"https:\/\/www.cvs-avocats.com\/fr\/wp-json\/wp\/v2\/media\/3788"}],"wp:attachment":[{"href":"https:\/\/www.cvs-avocats.com\/fr\/wp-json\/wp\/v2\/media?parent=3787"}],"wp:term":[{"taxonomy":"category","embeddable":true,"href":"https:\/\/www.cvs-avocats.com\/fr\/wp-json\/wp\/v2\/categories?post=3787"},{"taxonomy":"post_tag","embeddable":true,"href":"https:\/\/www.cvs-avocats.com\/fr\/wp-json\/wp\/v2\/tags?post=3787"}],"curies":[{"name":"wp","href":"https:\/\/api.w.org\/{rel}","templated":true}]}}