{"id":3694,"date":"2022-07-08T07:25:41","date_gmt":"2022-07-08T05:25:41","guid":{"rendered":"https:\/\/www.cvs-avocats.com\/heures-supplementaires\/"},"modified":"2025-08-21T16:58:06","modified_gmt":"2025-08-21T14:58:06","slug":"heures-supplementaires","status":"publish","type":"post","link":"https:\/\/www.cvs-avocats.com\/fr\/heures-supplementaires\/","title":{"rendered":"Heures suppl\u00e9mentaires"},"content":{"rendered":"<div class=\"section__body\">\n<div class=\"block-strong-text\">\n<p>On appelle heure suppl\u00e9mentaire toute heure accomplie \u00e0 la demande de l\u2019employeur, au-del\u00e0 de la dur\u00e9e l\u00e9gale de 35 heures. Ces derni\u00e8res donnent droit au salari\u00e9 \u00e0 une r\u00e9mun\u00e9ration plus favorable et \u00e0 un repos compensateur. Comment ces heures sont-elles encadr\u00e9es ? Et peuvent-elles \u00eatre impos\u00e9es par l\u2019employeur sans limite ? Chez\u00a0Cornet Vincent Segurel,\u00a0Caroline H\u00e9not, avocate associ\u00e9e et R\u00e9gis Debroise, avocat, r\u00e9pondent \u00e0 nos questions.<\/p>\n<\/div>\n<article class=\"article-normal\">\n<div class=\"article__entry\">\n<p>Comment les heures suppl\u00e9mentaires sont-elles d\u00e9finies ?<\/p>\n<p>Les heures suppl\u00e9mentaires sont les heures accomplies \u00ab au-del\u00e0 de la dur\u00e9e l\u00e9gale hebdomadaire ou de la dur\u00e9e consid\u00e9r\u00e9e comme \u00e9quivalente \u00bb (Code du travail, art. L. 3121-28).<\/p>\n<\/div>\n<\/article>\n<ul class=\"list-icons\">\n<li><a href=\"https:\/\/www.jss.fr\/Heures_supplementaires__trois_questions_aux_avocats_Caroline_Henot_et_Regis_Debroise_du_cabinet_Cornet_Vincent_Segurel-2940.awp\">Retrouvez l&rsquo;article de Journal Sp\u00e9cial des Soci\u00e9t\u00e9s<\/a><\/li>\n<\/ul>\n<\/div>\n","protected":false},"excerpt":{"rendered":"<p>On appelle heure suppl\u00e9mentaire toute heure accomplie \u00e0 la demande de l\u2019employeur, au-del\u00e0 de la dur\u00e9e l\u00e9gale de 35 heures. Ces derni\u00e8res donnent droit au salari\u00e9 \u00e0 une r\u00e9mun\u00e9ration plus favorable et \u00e0 un repos compensateur. Comment ces heures sont-elles encadr\u00e9es ? Et peuvent-elles \u00eatre impos\u00e9es par l\u2019employeur sans limite ? Chez\u00a0Cornet Vincent Segurel,\u00a0Caroline H\u00e9not, [&hellip;]<\/p>\n","protected":false},"author":18,"featured_media":3695,"comment_status":"closed","ping_status":"closed","sticky":false,"template":"","format":"standard","meta":{"_acf_changed":true,"footnotes":""},"categories":[15],"tags":[],"class_list":["post-3694","post","type-post","status-publish","format-standard","has-post-thumbnail","hentry","category-publications"],"acf":[],"_links":{"self":[{"href":"https:\/\/www.cvs-avocats.com\/fr\/wp-json\/wp\/v2\/posts\/3694","targetHints":{"allow":["GET"]}}],"collection":[{"href":"https:\/\/www.cvs-avocats.com\/fr\/wp-json\/wp\/v2\/posts"}],"about":[{"href":"https:\/\/www.cvs-avocats.com\/fr\/wp-json\/wp\/v2\/types\/post"}],"author":[{"embeddable":true,"href":"https:\/\/www.cvs-avocats.com\/fr\/wp-json\/wp\/v2\/users\/18"}],"replies":[{"embeddable":true,"href":"https:\/\/www.cvs-avocats.com\/fr\/wp-json\/wp\/v2\/comments?post=3694"}],"version-history":[{"count":0,"href":"https:\/\/www.cvs-avocats.com\/fr\/wp-json\/wp\/v2\/posts\/3694\/revisions"}],"wp:featuredmedia":[{"embeddable":true,"href":"https:\/\/www.cvs-avocats.com\/fr\/wp-json\/wp\/v2\/media\/3695"}],"wp:attachment":[{"href":"https:\/\/www.cvs-avocats.com\/fr\/wp-json\/wp\/v2\/media?parent=3694"}],"wp:term":[{"taxonomy":"category","embeddable":true,"href":"https:\/\/www.cvs-avocats.com\/fr\/wp-json\/wp\/v2\/categories?post=3694"},{"taxonomy":"post_tag","embeddable":true,"href":"https:\/\/www.cvs-avocats.com\/fr\/wp-json\/wp\/v2\/tags?post=3694"}],"curies":[{"name":"wp","href":"https:\/\/api.w.org\/{rel}","templated":true}]}}