{"id":3691,"date":"2022-07-06T15:15:19","date_gmt":"2022-07-06T13:15:19","guid":{"rendered":"https:\/\/www.cvs-avocats.com\/dsa-texte-impose-responsabilites-pouvoirs-plateformes\/"},"modified":"2025-03-03T16:24:32","modified_gmt":"2025-03-03T15:24:32","slug":"dsa-texte-impose-responsabilites-pouvoirs-plateformes","status":"publish","type":"post","link":"https:\/\/www.cvs-avocats.com\/fr\/dsa-texte-impose-responsabilites-pouvoirs-plateformes\/","title":{"rendered":"DSA : \u00able texte impose des responsabilit\u00e9s mais donne aussi des pouvoirs\u00bb aux plateformes"},"content":{"rendered":"<div class=\"section__body\">\n<div class=\"block-strong-text\">\n<p>Quelles seront les nouvelles obligations impos\u00e9es aux plateformes, dont les marketplaces, avec l&rsquo;adoption du digital services act (DSA) ? Le point avec Luc-Marie Augagneur, avocat associ\u00e9 chez Cornet Vincent Segurel, qui nous d\u00e9crit un texte \u00e0 la dimension B to B autant que num\u00e9rique.<\/p>\n<\/div>\n<article class=\"article-normal\">\n<div class=\"article__entry\">\n<p>Le parcours l\u00e9gislatif touche \u00e0 sa fin. La semaine derni\u00e8re\u00a0<a href=\"https:\/\/ec.europa.eu\/commission\/presscorner\/detail\/fr\/ip_22_2545\" target=\"_blank\" rel=\"noopener\">le compromis arret\u00e9 en trilogue<\/a>\u00a0sur la proposition de\u00a0<a href=\"https:\/\/data.consilium.europa.eu\/doc\/document\/ST-9342-2022-INIT\/x\/pdf\" target=\"_blank\" rel=\"noopener\">r\u00e8glement visant \u00e0 la mise en place d&rsquo;un march\u00e9 unique en mati\u00e8re de services\u00a0<\/a><a href=\"http:\/\/data.consilium.europa.eu\/doc\/document\/ST-9342-2022-INIT\/x\/pdf\" target=\"_blank\" rel=\"noopener\">num\u00e9riques<\/a>, plus connu sous l&rsquo;acronyme de DSA, \u00e9tait adopt\u00e9 en COREPER (le 15 juin) puis\u00a0<a href=\"https:\/\/www.europarl.europa.eu\/news\/en\/press-room\/20220613IPR32814\/internal-market-committee-endorses-agreement-on-digital-services-act\" target=\"_blank\" rel=\"noopener\">en commission au Parlement europ\u00e9en (le 16 juin)<\/a>. Deux \u00e9tapes ultimes sont d\u00e9sormais n\u00e9cessaires avant que le r\u00e8glement soit publi\u00e9 au journal officiel de l&rsquo;UE pour devenir directement applicable au sein des Etats membres. D\u00e8s le mois de juillet, les d\u00e9put\u00e9s europ\u00e9ens se prononceront formellement, en pl\u00e9ni\u00e8re, sur ce texte de compromis. Avant que le Conseil de l&rsquo;UE, \u00e0 son tour, l&rsquo;ent\u00e9rine en septembre. Les dispositions du DSA imposeront de nouvelles obligations aux plateformes 15 mois apr\u00e8s l&rsquo;entr\u00e9e en vigueur du r\u00e8glement europ\u00e9en, soit probablement en 2024.<\/p>\n<\/div>\n<\/article>\n<ul class=\"list-icons\">\n<li><a href=\"https:\/\/www.editions-legislatives.fr\/actualite\/dsa-%C2%ABle-texte-impose-des-responsabilites-mais-donne-aussi-des-pouvoirs%C2%BB-aux-plateformes\/\">Retrouvez l&rsquo;article d&rsquo;\u00c9ditions L\u00e9gislatives<\/a><\/li>\n<\/ul>\n<\/div>\n","protected":false},"excerpt":{"rendered":"<p>Quelles seront les nouvelles obligations impos\u00e9es aux plateformes, dont les marketplaces, avec l&rsquo;adoption du digital services act (DSA) ? Le point avec Luc-Marie Augagneur, avocat associ\u00e9 chez Cornet Vincent Segurel, qui nous d\u00e9crit un texte \u00e0 la dimension B to B autant que num\u00e9rique. Le parcours l\u00e9gislatif touche \u00e0 sa fin. La semaine derni\u00e8re\u00a0le compromis [&hellip;]<\/p>\n","protected":false},"author":18,"featured_media":3692,"comment_status":"closed","ping_status":"closed","sticky":false,"template":"","format":"standard","meta":{"_acf_changed":false,"footnotes":""},"categories":[15],"tags":[],"class_list":["post-3691","post","type-post","status-publish","format-standard","has-post-thumbnail","hentry","category-publications"],"acf":[],"_links":{"self":[{"href":"https:\/\/www.cvs-avocats.com\/fr\/wp-json\/wp\/v2\/posts\/3691","targetHints":{"allow":["GET"]}}],"collection":[{"href":"https:\/\/www.cvs-avocats.com\/fr\/wp-json\/wp\/v2\/posts"}],"about":[{"href":"https:\/\/www.cvs-avocats.com\/fr\/wp-json\/wp\/v2\/types\/post"}],"author":[{"embeddable":true,"href":"https:\/\/www.cvs-avocats.com\/fr\/wp-json\/wp\/v2\/users\/18"}],"replies":[{"embeddable":true,"href":"https:\/\/www.cvs-avocats.com\/fr\/wp-json\/wp\/v2\/comments?post=3691"}],"version-history":[{"count":0,"href":"https:\/\/www.cvs-avocats.com\/fr\/wp-json\/wp\/v2\/posts\/3691\/revisions"}],"wp:featuredmedia":[{"embeddable":true,"href":"https:\/\/www.cvs-avocats.com\/fr\/wp-json\/wp\/v2\/media\/3692"}],"wp:attachment":[{"href":"https:\/\/www.cvs-avocats.com\/fr\/wp-json\/wp\/v2\/media?parent=3691"}],"wp:term":[{"taxonomy":"category","embeddable":true,"href":"https:\/\/www.cvs-avocats.com\/fr\/wp-json\/wp\/v2\/categories?post=3691"},{"taxonomy":"post_tag","embeddable":true,"href":"https:\/\/www.cvs-avocats.com\/fr\/wp-json\/wp\/v2\/tags?post=3691"}],"curies":[{"name":"wp","href":"https:\/\/api.w.org\/{rel}","templated":true}]}}