{"id":3675,"date":"2022-06-21T09:20:40","date_gmt":"2022-06-21T07:20:40","guid":{"rendered":"https:\/\/www.cvs-avocats.com\/cornet-vincent-segurel-conseille-groupe-berlin-packaging-acquisition-verrerie-comtat\/"},"modified":"2024-06-26T13:59:04","modified_gmt":"2024-06-26T11:59:04","slug":"cornet-vincent-segurel-conseille-groupe-berlin-packaging-acquisition-verrerie-comtat","status":"publish","type":"post","link":"https:\/\/www.cvs-avocats.com\/fr\/cornet-vincent-segurel-conseille-groupe-berlin-packaging-acquisition-verrerie-comtat\/","title":{"rendered":"Cornet Vincent S\u00e9gurel conseille le groupe Berlin Packaging pour l\u2019acquisition de Verrerie du Comtat"},"content":{"rendered":"\n<div class=\"wp-block-group\"><div class=\"wp-block-group__inner-container is-layout-constrained wp-block-group-is-layout-constrained\">\n<p>Berlin Packaging, leader mondial en solutions d\u2019emballage, poursuit sa strat\u00e9gie de d\u00e9veloppement en France et en Europe. Le groupe fait l\u2019acquisition de 100% du capital social de Verrerie du Comtat, fournisseur d\u2019emballages en verre sp\u00e9cialis\u00e9 dans les march\u00e9s du vin et de l\u2019huile d\u2019olive en r\u00e9gion Vall\u00e9e du Rh\u00f4ne.<\/p>\n\n\n\n<p>Situ\u00e9e \u00e0 Sorgues, en France, au c\u0153ur des vignobles des C\u00f4tes du Rh\u00f4ne, Verrerie du Comtat fournit des bouteilles en verre, des bocaux et des accessoires d\u2019emballage aux producteurs locaux de vin et de produits alimentaires. La soci\u00e9t\u00e9 a \u00e9t\u00e9 fond\u00e9e en 1986 par sa pr\u00e9sidente, Aline Maroncelli, dont le p\u00e8re \u00e9tait un pionnier de la distribution d\u2019emballages en verre.<\/p>\n\n\n\n<p>Il s\u2019agit de la 21<sup>e<\/sup> acquisition r\u00e9alis\u00e9e par Berlin Packaging, groupe am\u00e9ricain, dans la r\u00e9gion EMEA depuis 2016.<\/p>\n\n\n\n<p>\u00ab\u00a0<em>Nous sommes ravis de continuer \u00e0 d\u00e9velopper nos activit\u00e9s dans le domaine du vin et de l&rsquo;huile d&rsquo;olive avec l&rsquo;acquisition de la Verrerie du Comtat. L&rsquo;entreprise entretient des relations solides avec ses clients et ses fournisseurs que nous sommes impatients de d\u00e9velopper<\/em>\u00ab\u00a0, commente Paolo Recrosio, PDG de Berlin Packaging EMEA.<\/p>\n\n\n\n<p>\u00ab\u00a0<em>Nous sommes tr\u00e8s heureux d\u2019accueillir au sein de notre groupe la soci\u00e9t\u00e9 Verrerie du Comtat. Cette nouvelle acquisition vient renforcer notre positionnement strat\u00e9gique sur le march\u00e9 du vin et de l\u2019huile d\u2019olive, principalement en r\u00e9gion Vall\u00e9e du Rh\u00f4ne. Nous allons assurer la continuit\u00e9 des activit\u00e9s de l\u2019entreprise avec l\u2019\u00e9quipe actuelle de la soci\u00e9t\u00e9 Verrerie du Comtat et offrir de nouvelles opportunit\u00e9s aux clients et fournisseurs<\/em>\u00ab\u00a0, ajoute Eric Citone, Pr\u00e9sident de Berlin Packaging France.<\/p>\n\n\n\n<p>\u00ab\u00a0<em>Nous pensons qu&rsquo;il existe des opportunit\u00e9s importantes en France pour les march\u00e9s finaux de l&rsquo;alimentation et des boissons, et nous sommes heureux que cette entreprise familiale ait choisi de s&rsquo;associer \u00e0 Berlin Packaging<\/em>\u00ab\u00a0, d\u00e9clare Bill Hayes, PDG du groupe Berlin Packaging.<\/p>\n\n\n\n<h3 class=\"wp-block-heading\">Intervenants<\/h3>\n\n\n\n<p><strong>Avocats Groupe Berlin Packaging :<\/strong> Cornet Vincent S\u00e9gurel \u2013 Alexis MARCHAND (associ\u00e9), Alexandra THIL (counsel) et Isabelle PERRON (avocat)&nbsp;<\/p>\n\n\n\n<p><strong>Avocats Verrerie du Comtat :<\/strong> Kelten \u2013 Xavier MAILLY (associ\u00e9) et Alice GARAIX<\/p>\n\n\n\n<p><strong>Conseils financiers Verrerie du Comtat : <\/strong>Arc\u00e9ane \u2013 Herv\u00e9 THEVENET<\/p>\n<\/div><\/div>\n","protected":false},"excerpt":{"rendered":"<p>Berlin Packaging, leader mondial en solutions d\u2019emballage, poursuit sa strat\u00e9gie de d\u00e9veloppement en France et en Europe. Le groupe fait l\u2019acquisition de 100% du capital social de Verrerie du Comtat, fournisseur d\u2019emballages en verre sp\u00e9cialis\u00e9 dans les march\u00e9s du vin et de l\u2019huile d\u2019olive en r\u00e9gion Vall\u00e9e du Rh\u00f4ne. Situ\u00e9e \u00e0 Sorgues, en France, au [&hellip;]<\/p>\n","protected":false},"author":7,"featured_media":3676,"comment_status":"closed","ping_status":"closed","sticky":false,"template":"","format":"standard","meta":{"_acf_changed":false,"footnotes":""},"categories":[16],"tags":[],"class_list":["post-3675","post","type-post","status-publish","format-standard","has-post-thumbnail","hentry","category-communique"],"acf":[],"_links":{"self":[{"href":"https:\/\/www.cvs-avocats.com\/fr\/wp-json\/wp\/v2\/posts\/3675","targetHints":{"allow":["GET"]}}],"collection":[{"href":"https:\/\/www.cvs-avocats.com\/fr\/wp-json\/wp\/v2\/posts"}],"about":[{"href":"https:\/\/www.cvs-avocats.com\/fr\/wp-json\/wp\/v2\/types\/post"}],"author":[{"embeddable":true,"href":"https:\/\/www.cvs-avocats.com\/fr\/wp-json\/wp\/v2\/users\/7"}],"replies":[{"embeddable":true,"href":"https:\/\/www.cvs-avocats.com\/fr\/wp-json\/wp\/v2\/comments?post=3675"}],"version-history":[{"count":0,"href":"https:\/\/www.cvs-avocats.com\/fr\/wp-json\/wp\/v2\/posts\/3675\/revisions"}],"wp:featuredmedia":[{"embeddable":true,"href":"https:\/\/www.cvs-avocats.com\/fr\/wp-json\/wp\/v2\/media\/3676"}],"wp:attachment":[{"href":"https:\/\/www.cvs-avocats.com\/fr\/wp-json\/wp\/v2\/media?parent=3675"}],"wp:term":[{"taxonomy":"category","embeddable":true,"href":"https:\/\/www.cvs-avocats.com\/fr\/wp-json\/wp\/v2\/categories?post=3675"},{"taxonomy":"post_tag","embeddable":true,"href":"https:\/\/www.cvs-avocats.com\/fr\/wp-json\/wp\/v2\/tags?post=3675"}],"curies":[{"name":"wp","href":"https:\/\/api.w.org\/{rel}","templated":true}]}}