{"id":3672,"date":"2022-06-17T13:28:09","date_gmt":"2022-06-17T11:28:09","guid":{"rendered":"https:\/\/www.cvs-avocats.com\/droit-consommateurs-change-directive-omnibus\/"},"modified":"2025-08-21T17:01:42","modified_gmt":"2025-08-21T15:01:42","slug":"droit-consommateurs-change-directive-omnibus","status":"publish","type":"post","link":"https:\/\/www.cvs-avocats.com\/fr\/droit-consommateurs-change-directive-omnibus\/","title":{"rendered":"Droit des consommateurs\u2009: ce que change la directive Omnibus"},"content":{"rendered":"<div class=\"section__body\">\n<div class=\"block-strong-text\">\n<p>Plus de deux ans et demi apr\u00e8s son adoption, la directive europ\u00e9enne relative \u00e0 \u00ab\u00a0une meilleure application et une modernisation des r\u00e8gles de l\u2019Union en mati\u00e8re de protection des consommateurs\u00a0\u00bb est en vigueur en France depuis le 28\u00a0mai. Elle vise notamment \u00e0 lutter contre les faux avis et gonflements artificiels de prix \u00e0 la veille de soldes mais les d\u00e9fis sont nombreux.<\/p>\n<\/div>\n<article class=\"article-normal\">\n<div class=\"article__entry\">\n<p>Plus de transparence pour le consommateur, un meilleur encadrement des professionnels et des sanctions uniformis\u00e9es \u00e0 l\u2019\u00e9chelle de l\u2019Europe en cas d\u2019abus. Telles sont \u2013 entre autres \u2013 les ambitions de la directive dite \u00ab\u00a0Omnibus\u00a0\u00bb du Parlement europ\u00e9en et du Conseil du 27\u00a0novembre 2019, transpos\u00e9e en droit fran\u00e7ais par une ordonnance de d\u00e9cembre\u00a02021 et d\u00e9sormais mise en \u0153uvre dans l\u2019Hexagone depuis fin mai.<\/p>\n<\/div>\n<\/article>\n<ul class=\"list-icons\">\n<li><a href=\"https:\/\/optiondroitetaffaires.optionfinance.fr\/la-lettre-option-droit-affaires\/la-lettre-du-01-juin-2022\/droit-des-consommateurs-ce-que-change-la-directive-omnibus.html?authtoken=usCViZCtavu-X7MUxBA7WYenldEuaMPyftfuff09SD6jFOdrdcxJobGDNpywH-PrZe8XxNFzO4u5fDWlkX82FKg7AGyUJmSeJQpXd4tVb-ohJeNhiEGqEkKZjkmb1DxCxP4sHvhqNYM8qsB_hlaqzg&amp;logintype=login&amp;newsletterId=37388&amp;cHash=4f6552fafeab2a195e5bdcf5779850c4\">Retrouvez l&rsquo;article d&rsquo;Option Droit et Affaires<\/a><\/li>\n<\/ul>\n<\/div>\n","protected":false},"excerpt":{"rendered":"<p>Plus de deux ans et demi apr\u00e8s son adoption, la directive europ\u00e9enne relative \u00e0 \u00ab\u00a0une meilleure application et une modernisation des r\u00e8gles de l\u2019Union en mati\u00e8re de protection des consommateurs\u00a0\u00bb est en vigueur en France depuis le 28\u00a0mai. Elle vise notamment \u00e0 lutter contre les faux avis et gonflements artificiels de prix \u00e0 la veille [&hellip;]<\/p>\n","protected":false},"author":18,"featured_media":3673,"comment_status":"closed","ping_status":"closed","sticky":false,"template":"","format":"standard","meta":{"_acf_changed":true,"footnotes":""},"categories":[15],"tags":[],"class_list":["post-3672","post","type-post","status-publish","format-standard","has-post-thumbnail","hentry","category-publications"],"acf":[],"_links":{"self":[{"href":"https:\/\/www.cvs-avocats.com\/fr\/wp-json\/wp\/v2\/posts\/3672","targetHints":{"allow":["GET"]}}],"collection":[{"href":"https:\/\/www.cvs-avocats.com\/fr\/wp-json\/wp\/v2\/posts"}],"about":[{"href":"https:\/\/www.cvs-avocats.com\/fr\/wp-json\/wp\/v2\/types\/post"}],"author":[{"embeddable":true,"href":"https:\/\/www.cvs-avocats.com\/fr\/wp-json\/wp\/v2\/users\/18"}],"replies":[{"embeddable":true,"href":"https:\/\/www.cvs-avocats.com\/fr\/wp-json\/wp\/v2\/comments?post=3672"}],"version-history":[{"count":0,"href":"https:\/\/www.cvs-avocats.com\/fr\/wp-json\/wp\/v2\/posts\/3672\/revisions"}],"wp:featuredmedia":[{"embeddable":true,"href":"https:\/\/www.cvs-avocats.com\/fr\/wp-json\/wp\/v2\/media\/3673"}],"wp:attachment":[{"href":"https:\/\/www.cvs-avocats.com\/fr\/wp-json\/wp\/v2\/media?parent=3672"}],"wp:term":[{"taxonomy":"category","embeddable":true,"href":"https:\/\/www.cvs-avocats.com\/fr\/wp-json\/wp\/v2\/categories?post=3672"},{"taxonomy":"post_tag","embeddable":true,"href":"https:\/\/www.cvs-avocats.com\/fr\/wp-json\/wp\/v2\/tags?post=3672"}],"curies":[{"name":"wp","href":"https:\/\/api.w.org\/{rel}","templated":true}]}}