{"id":3604,"date":"2022-03-31T07:17:28","date_gmt":"2022-03-31T05:17:28","guid":{"rendered":"https:\/\/www.cvs-avocats.com\/digital-market-act-americains-revent-europeens-font\/"},"modified":"2025-08-21T17:12:05","modified_gmt":"2025-08-21T15:12:05","slug":"digital-market-act-americains-revent-europeens-font","status":"publish","type":"post","link":"https:\/\/www.cvs-avocats.com\/fr\/digital-market-act-americains-revent-europeens-font\/","title":{"rendered":"Digital Market Act : Les am\u00e9ricains en r\u00eavent ? Les europ\u00e9ens le font !"},"content":{"rendered":"<div class=\"section__body\">\n<div class=\"block-strong-text\">\n<p><p>L&rsquo;id&eacute;e peut surprendre, tant les critiques pleuvent sur la proposition europ&eacute;enne de Digital Market Act. On se souvient, notamment, de celles de Tim Cook, le patron d&rsquo;Apple, affirmant que les obligations pr&eacute;vues par le futur r&egrave;glement europ&eacute;en, pouvant conduire &agrave; imposer des alternatives &agrave; la seule plateformes AppStore, risquerait de nuire &agrave; la vie priv&eacute;e des utilisateurs.<\/p>\n<\/p><\/div>\n<article class=\"article-normal\">\n<div class=\"article__entry\">\n<p>En cherchant &agrave; r&eacute;guler les GAFAM, on l&egrave;serait finalement les consommateurs&hellip; D&rsquo;autres arguments, plus frontaux, stigmatisent une m&eacute;thode trop fruste, occultant l&rsquo;approche &eacute;conomique &laquo; par les effets &raquo; &agrave; laquelle avait habitu&eacute; l&rsquo;analyse antitrust des derni&egrave;res d&eacute;cennies. Et finalement, le projet est suspect&eacute; de faire de l&rsquo;Europe un repoussoir &eacute;conomique&hellip;<\/p>\n<\/p><\/div>\n<\/article>\n<ul class=\"list-icons\">\n<li>\n                <a target=\"_blank\" href=\"https:\/\/www.eurojuris.fr\/articles\/regulation-plateformes-digital-market-act-40891.htm\" rel=\"noopener\"><br \/>\n                    <span class=\"icon-holder\"><br \/>\n                        <img decoding=\"async\" data-src=\"\/assets\/front\/images\/svg\/globus-icon.svg\" alt=\"Icon\" src=\"data:image\/svg+xml;base64,PHN2ZyB3aWR0aD0iMSIgaGVpZ2h0PSIxIiB4bWxucz0iaHR0cDovL3d3dy53My5vcmcvMjAwMC9zdmciPjwvc3ZnPg==\" class=\"lazyload\"><br \/>\n                    <\/span><\/p>\n<p>                    <span>Retrouvez l&#039;article d&#039;EuroJuris<\/span><br \/>\n                <\/a>\n            <\/li>\n<\/ul><\/div>\n","protected":false},"excerpt":{"rendered":"<p>L&rsquo;id&eacute;e peut surprendre, tant les critiques pleuvent sur la proposition europ&eacute;enne de Digital Market Act. On se souvient, notamment, de celles de Tim Cook, le patron d&rsquo;Apple, affirmant que les obligations pr&eacute;vues par le futur r&egrave;glement europ&eacute;en, pouvant conduire &agrave; imposer des alternatives &agrave; la seule plateformes AppStore, risquerait de nuire &agrave; la vie priv&eacute;e [&hellip;]<\/p>\n","protected":false},"author":16,"featured_media":3605,"comment_status":"closed","ping_status":"closed","sticky":false,"template":"","format":"standard","meta":{"_acf_changed":true,"footnotes":""},"categories":[15],"tags":[],"class_list":["post-3604","post","type-post","status-publish","format-standard","has-post-thumbnail","hentry","category-publications"],"acf":[],"_links":{"self":[{"href":"https:\/\/www.cvs-avocats.com\/fr\/wp-json\/wp\/v2\/posts\/3604","targetHints":{"allow":["GET"]}}],"collection":[{"href":"https:\/\/www.cvs-avocats.com\/fr\/wp-json\/wp\/v2\/posts"}],"about":[{"href":"https:\/\/www.cvs-avocats.com\/fr\/wp-json\/wp\/v2\/types\/post"}],"author":[{"embeddable":true,"href":"https:\/\/www.cvs-avocats.com\/fr\/wp-json\/wp\/v2\/users\/16"}],"replies":[{"embeddable":true,"href":"https:\/\/www.cvs-avocats.com\/fr\/wp-json\/wp\/v2\/comments?post=3604"}],"version-history":[{"count":0,"href":"https:\/\/www.cvs-avocats.com\/fr\/wp-json\/wp\/v2\/posts\/3604\/revisions"}],"wp:featuredmedia":[{"embeddable":true,"href":"https:\/\/www.cvs-avocats.com\/fr\/wp-json\/wp\/v2\/media\/3605"}],"wp:attachment":[{"href":"https:\/\/www.cvs-avocats.com\/fr\/wp-json\/wp\/v2\/media?parent=3604"}],"wp:term":[{"taxonomy":"category","embeddable":true,"href":"https:\/\/www.cvs-avocats.com\/fr\/wp-json\/wp\/v2\/categories?post=3604"},{"taxonomy":"post_tag","embeddable":true,"href":"https:\/\/www.cvs-avocats.com\/fr\/wp-json\/wp\/v2\/tags?post=3604"}],"curies":[{"name":"wp","href":"https:\/\/api.w.org\/{rel}","templated":true}]}}