{"id":3550,"date":"2022-02-09T14:45:06","date_gmt":"2022-02-09T13:45:06","guid":{"rendered":"https:\/\/www.cvs-avocats.com\/droit-deconnexion-malmene-depuis-crise\/"},"modified":"2025-03-03T16:23:49","modified_gmt":"2025-03-03T15:23:49","slug":"droit-deconnexion-malmene-depuis-crise","status":"publish","type":"post","link":"https:\/\/www.cvs-avocats.com\/fr\/droit-deconnexion-malmene-depuis-crise\/","title":{"rendered":"Le droit \u00e0 la d\u00e9connexion malmen\u00e9 depuis la crise"},"content":{"rendered":"<div class=\"section__body\">\n<div class=\"block-strong-text\">\n<p><strong><span style=\"color: black;\">Si nombre d\u2019entreprises redoublent de vigilance concernant le droit \u00e0 la d\u00e9connexion des salari\u00e9s, certaines pratiques restent difficiles \u00e0 corriger. Retrouvez dans Le Figaro l\u2019\u00e9clairage de Caroline H\u00e9not, avocat associ\u00e9, pour Corinne Caillaud.<\/span><\/strong><\/p>\n<\/div>\n<article class=\"article-normal\">\n<div class=\"article__entry\">\n<p>Choisir le moment opportun pour joindre un collaborateur, et \u00e9viter de lui envoyer des messages en dehors du temps de travail, sont quelques bonnes pratiques requises dans le cadre du droit \u00e0 la d\u00e9connexion, introduit par la loi travail, depuis\u00a0le 1<sup>er<\/sup>\u00a0janvier 2017.<\/p>\n<\/div>\n<\/article>\n<ul class=\"list-icons\">\n<li><a href=\"https:\/\/www.lefigaro.fr\/decideurs\/emploi\/le-droit-a-la-deconnexion-malmene-depuis-la-crise-20220116\">Retrouvez l&rsquo;article sur Le Figaro (r\u00e9serv\u00e9 aux abonn\u00e9s)<\/a><\/li>\n<\/ul>\n<\/div>\n","protected":false},"excerpt":{"rendered":"<p>Si nombre d\u2019entreprises redoublent de vigilance concernant le droit \u00e0 la d\u00e9connexion des salari\u00e9s, certaines pratiques restent difficiles \u00e0 corriger. Retrouvez dans Le Figaro l\u2019\u00e9clairage de Caroline H\u00e9not, avocat associ\u00e9, pour Corinne Caillaud. Choisir le moment opportun pour joindre un collaborateur, et \u00e9viter de lui envoyer des messages en dehors du temps de travail, sont [&hellip;]<\/p>\n","protected":false},"author":18,"featured_media":3551,"comment_status":"closed","ping_status":"closed","sticky":false,"template":"","format":"standard","meta":{"_acf_changed":false,"footnotes":""},"categories":[15],"tags":[],"class_list":["post-3550","post","type-post","status-publish","format-standard","has-post-thumbnail","hentry","category-publications"],"acf":[],"_links":{"self":[{"href":"https:\/\/www.cvs-avocats.com\/fr\/wp-json\/wp\/v2\/posts\/3550","targetHints":{"allow":["GET"]}}],"collection":[{"href":"https:\/\/www.cvs-avocats.com\/fr\/wp-json\/wp\/v2\/posts"}],"about":[{"href":"https:\/\/www.cvs-avocats.com\/fr\/wp-json\/wp\/v2\/types\/post"}],"author":[{"embeddable":true,"href":"https:\/\/www.cvs-avocats.com\/fr\/wp-json\/wp\/v2\/users\/18"}],"replies":[{"embeddable":true,"href":"https:\/\/www.cvs-avocats.com\/fr\/wp-json\/wp\/v2\/comments?post=3550"}],"version-history":[{"count":0,"href":"https:\/\/www.cvs-avocats.com\/fr\/wp-json\/wp\/v2\/posts\/3550\/revisions"}],"wp:featuredmedia":[{"embeddable":true,"href":"https:\/\/www.cvs-avocats.com\/fr\/wp-json\/wp\/v2\/media\/3551"}],"wp:attachment":[{"href":"https:\/\/www.cvs-avocats.com\/fr\/wp-json\/wp\/v2\/media?parent=3550"}],"wp:term":[{"taxonomy":"category","embeddable":true,"href":"https:\/\/www.cvs-avocats.com\/fr\/wp-json\/wp\/v2\/categories?post=3550"},{"taxonomy":"post_tag","embeddable":true,"href":"https:\/\/www.cvs-avocats.com\/fr\/wp-json\/wp\/v2\/tags?post=3550"}],"curies":[{"name":"wp","href":"https:\/\/api.w.org\/{rel}","templated":true}]}}