{"id":3537,"date":"2022-02-02T08:22:28","date_gmt":"2022-02-02T07:22:28","guid":{"rendered":"https:\/\/www.cvs-avocats.com\/cornet-vincent-segurel-nomination-5-avocats-directeurs\/"},"modified":"2025-01-15T16:31:52","modified_gmt":"2025-01-15T15:31:52","slug":"cornet-vincent-segurel-nomination-5-avocats-directeurs","status":"publish","type":"post","link":"https:\/\/www.cvs-avocats.com\/fr\/cornet-vincent-segurel-nomination-5-avocats-directeurs\/","title":{"rendered":"Cornet Vincent S\u00e9gurel annonce la nomination de 5 avocats directeurs"},"content":{"rendered":"\n<div class=\"wp-block-group\"><div class=\"wp-block-group__inner-container is-layout-constrained wp-block-group-is-layout-constrained\">\n<p><strong><em>Le cabinet d\u2019avocats poursuit sa strat\u00e9gie de promotion interne en nommant des avocats directeurs au sein de ses \u00e9quipes de Lyon, Nantes et Rennes.<\/em><\/strong><\/p>\n\n\n\n<ul class=\"wp-block-list\">\n<li><strong>A Lyon <\/strong>: Camille Ferrat (Droit des soci\u00e9t\u00e9s \u2013 M&amp;A \u2013 Private Equity)<\/li>\n\n\n\n<li><strong>A Nantes : <\/strong><a href=\"https:\/\/www.cvs-avocats.com\/fr\/avocats\/fanny-helbert\/\">Fanny Helbert<\/a> (Droit social et de l\u2019activit\u00e9 professionnelle), <a href=\"https:\/\/www.cvs-avocats.com\/fr\/avocats\/camille-fourier-ferrand\/\">Camille Fourier-Ferrand<\/a> (Droit immobilier), <a href=\"https:\/\/www.cvs-avocats.com\/fr\/avocats\/julie-le-bourhis\/\">Julie Le Bourhis<\/a> (Droit social et de l\u2019activit\u00e9 professionnelle)<\/li>\n\n\n\n<li><strong>A Rennes : <\/strong><a href=\"https:\/\/www.cvs-avocats.com\/fr\/avocats\/angeline-lepigoche\/\">Ang\u00e9line Lepigoch\u00e9<\/a> (Droit social et de l\u2019activit\u00e9 professionnelle)<\/li>\n<\/ul>\n\n\n\n<p>\u00ab <em>Nos effectifs sont en croissance avec d\u00e9sormais 195 avocats et juristes dans nos 6 bureaux<\/em> \u00bb, explique Alban Pousset-Boug\u00e8re, associ\u00e9 du cabinet membre du Comit\u00e9 de direction. \u00ab <em>Ces promotions internes visent \u00e0 accompagner ce d\u00e9veloppement en confiant plus de responsabilit\u00e9s \u00e0 des avocats seniors exer\u00e7ant au cabinet depuis plusieurs ann\u00e9es<\/em> \u00bb.<\/p>\n\n\n\n<p>Ces nominations portent le nombre d\u2019avocats directeurs \u00e0 29 pour l\u2019ensemble du cabinet.<\/p>\n<\/div><\/div>\n","protected":false},"excerpt":{"rendered":"<p>Le cabinet d\u2019avocats poursuit sa strat\u00e9gie de promotion interne en nommant des avocats directeurs au sein de ses \u00e9quipes de Lyon, Nantes et Rennes. \u00ab Nos effectifs sont en croissance avec d\u00e9sormais 195 avocats et juristes dans nos 6 bureaux \u00bb, explique Alban Pousset-Boug\u00e8re, associ\u00e9 du cabinet membre du Comit\u00e9 de direction. \u00ab Ces promotions [&hellip;]<\/p>\n","protected":false},"author":7,"featured_media":3538,"comment_status":"closed","ping_status":"closed","sticky":false,"template":"","format":"standard","meta":{"_acf_changed":false,"footnotes":""},"categories":[16],"tags":[],"class_list":["post-3537","post","type-post","status-publish","format-standard","has-post-thumbnail","hentry","category-communique"],"acf":[],"_links":{"self":[{"href":"https:\/\/www.cvs-avocats.com\/fr\/wp-json\/wp\/v2\/posts\/3537","targetHints":{"allow":["GET"]}}],"collection":[{"href":"https:\/\/www.cvs-avocats.com\/fr\/wp-json\/wp\/v2\/posts"}],"about":[{"href":"https:\/\/www.cvs-avocats.com\/fr\/wp-json\/wp\/v2\/types\/post"}],"author":[{"embeddable":true,"href":"https:\/\/www.cvs-avocats.com\/fr\/wp-json\/wp\/v2\/users\/7"}],"replies":[{"embeddable":true,"href":"https:\/\/www.cvs-avocats.com\/fr\/wp-json\/wp\/v2\/comments?post=3537"}],"version-history":[{"count":0,"href":"https:\/\/www.cvs-avocats.com\/fr\/wp-json\/wp\/v2\/posts\/3537\/revisions"}],"wp:featuredmedia":[{"embeddable":true,"href":"https:\/\/www.cvs-avocats.com\/fr\/wp-json\/wp\/v2\/media\/3538"}],"wp:attachment":[{"href":"https:\/\/www.cvs-avocats.com\/fr\/wp-json\/wp\/v2\/media?parent=3537"}],"wp:term":[{"taxonomy":"category","embeddable":true,"href":"https:\/\/www.cvs-avocats.com\/fr\/wp-json\/wp\/v2\/categories?post=3537"},{"taxonomy":"post_tag","embeddable":true,"href":"https:\/\/www.cvs-avocats.com\/fr\/wp-json\/wp\/v2\/tags?post=3537"}],"curies":[{"name":"wp","href":"https:\/\/api.w.org\/{rel}","templated":true}]}}