{"id":3411,"date":"2021-10-05T09:11:11","date_gmt":"2021-10-05T07:11:11","guid":{"rendered":"https:\/\/www.cvs-avocats.com\/mbo-aet-technologies\/"},"modified":"2024-06-26T15:42:31","modified_gmt":"2024-06-26T13:42:31","slug":"mbo-aet-technologies","status":"publish","type":"post","link":"https:\/\/www.cvs-avocats.com\/fr\/mbo-aet-technologies\/","title":{"rendered":"Cornet Vincent S\u00e9gurel accompagne Guillaume Allary lors d\u2019une op\u00e9ration de MBO au sein du groupe AET Technologies dont il devient Pr\u00e9sident"},"content":{"rendered":"\n<div class=\"wp-block-group\"><div class=\"wp-block-group__inner-container is-layout-constrained wp-block-group-is-layout-constrained\">\n<p>\u00c0 l\u2019occasion du d\u00e9part de ses fonctions op\u00e9rationnelles de Jean-Yves Poriel, Pr\u00e9sident depuis 2003 d\u2019AET Technologies, un process avait \u00e9t\u00e9 mis en place afin de trouver un repreneur. C\u2019est le fonds d\u00e9di\u00e9 aux industriels innovants Yotta Capital Partners qui prend le contr\u00f4le de la majorit\u00e9 du capital du groupe \u00e0 travers son fonds Yotta Smart Industry.<\/p>\n\n\n\n<p>Avec plus de vingt ans d\u2019exp\u00e9rience dans l\u2019industrie (Carrier, Grundfos), Guillaume Allary aura la responsabilit\u00e9, en tant que Pr\u00e9sident, d\u2019acc\u00e9l\u00e9rer le d\u00e9veloppement du groupe, notamment \u00e0 l\u2019international, tout en mettant en place une strat\u00e9gie de d\u00e9carbonation.<\/p>\n\n\n\n<p>Fond\u00e9 en 1994 et implant\u00e9 \u00e0 proximit\u00e9 de Grenoble, le groupe AET Technologies est sp\u00e9cialis\u00e9 dans l\u2019\u00e9lectrothermie. Il comprend trois filiales op\u00e9rationnelles&nbsp;: AET Technologies et Pyrox, qui con\u00e7oivent et fabriquent des fours industriels sp\u00e9ciaux et standards, ainsi qu\u2019Aloxtec, qui construit des fours \u00e0 oxydation de haute technologie.<\/p>\n\n\n\n<p>Avec une cinquantaine de salari\u00e9s, l\u2019entreprise vise cette ann\u00e9e un chiffre d\u2019affaires de plus de 10 M\u20ac.<\/p>\n\n\n\n<h2 class=\"wp-block-heading\">Intervenants<\/h2>\n\n\n\n<p><strong>Fondateur&nbsp;: <\/strong>Jean-Yves Poriel<\/p>\n\n\n\n<p><strong>Yotta Capital Partners : <\/strong>Beno\u00eet Perrot, Christophe G\u00e9gout, Daniel Javed, Nina Herv\u00e9<\/p>\n\n\n\n<p><strong>Cr\u00e9dit Agricole Alpes D\u00e9veloppement (CA2D) : <\/strong>Charles Fougerat<\/p>\n\n\n\n<h3 class=\"wp-block-heading\">Conseils<\/h3>\n\n\n\n<p><strong>Conseils Acqu\u00e9reurs<\/strong><\/p>\n\n\n\n<ul class=\"wp-block-list\">\n<li><strong>Avocats manager&nbsp;: <\/strong>Cornet Vincent S\u00e9gurel&nbsp;(Pierre-Jean Ferry, Camille Ferrat)<\/li>\n\n\n\n<li><strong>Avocats<\/strong> <strong>Yotta Capital Partners&nbsp;:<\/strong> Latournerie Wolfrom (Caroline Basdevant-Souli\u00e9, Guillaume Ledoux)<\/li>\n\n\n\n<li><strong>Due diligences&nbsp;: Finance <\/strong>\u2013 Exelmans (Manuel Manas, Maxime Grelou), Squareness (J\u00e9r\u00f4me Fortin, Julien Rochas)&nbsp;; <strong>ESG <\/strong>\u2013 Carbone 4 (Cl\u00e9mence Lacharme, Victor Murzeau), <strong>EthFinance <\/strong>(Jean-Baptiste Fourmi, Nurcan Ilhan)&nbsp;; <strong>RH<\/strong> \u2013 Keyman (Sophie Aeschliman)<\/li>\n<\/ul>\n\n\n\n<p><strong>Conseils c\u00e9dants<\/strong><\/p>\n\n\n\n<ul class=\"wp-block-list\">\n<li><strong>Avocats&nbsp;: <\/strong>Bird &amp; Bird (David Malcoiffe, Thomas Fabrizi)<\/li>\n\n\n\n<li><strong>Finance&nbsp;: <\/strong>Oaklins (V\u00e9ronique Roth, Nelson Pajot)<\/li>\n\n\n\n<li><strong>VDD&nbsp;:<\/strong> KPMG TS (David Moron, Sophie Dervain)<\/li>\n<\/ul>\n\n\n\n<h3 class=\"wp-block-heading\">Dette senior<\/h3>\n\n\n\n<p><strong>Banques&nbsp;<\/strong>: CIC, Banque Rh\u00f4ne Alpes, Cr\u00e9dit Agricole Sud Rh\u00f4ne Alpes<\/p>\n<\/div><\/div>\n","protected":false},"excerpt":{"rendered":"<p>Guillaume Allary, s\u2019engage aux c\u00f4t\u00e9s de Yotta Capital Partners, nouvel associ\u00e9 majoritaire, Casra Capital, divers investisseurs priv\u00e9s et Jean-Yves Poriel, dirigeant historique du groupe, qui revient au capital.<\/p>\n","protected":false},"author":7,"featured_media":3412,"comment_status":"closed","ping_status":"closed","sticky":false,"template":"","format":"standard","meta":{"_acf_changed":false,"footnotes":""},"categories":[16],"tags":[],"class_list":["post-3411","post","type-post","status-publish","format-standard","has-post-thumbnail","hentry","category-communique"],"acf":[],"_links":{"self":[{"href":"https:\/\/www.cvs-avocats.com\/fr\/wp-json\/wp\/v2\/posts\/3411","targetHints":{"allow":["GET"]}}],"collection":[{"href":"https:\/\/www.cvs-avocats.com\/fr\/wp-json\/wp\/v2\/posts"}],"about":[{"href":"https:\/\/www.cvs-avocats.com\/fr\/wp-json\/wp\/v2\/types\/post"}],"author":[{"embeddable":true,"href":"https:\/\/www.cvs-avocats.com\/fr\/wp-json\/wp\/v2\/users\/7"}],"replies":[{"embeddable":true,"href":"https:\/\/www.cvs-avocats.com\/fr\/wp-json\/wp\/v2\/comments?post=3411"}],"version-history":[{"count":0,"href":"https:\/\/www.cvs-avocats.com\/fr\/wp-json\/wp\/v2\/posts\/3411\/revisions"}],"wp:featuredmedia":[{"embeddable":true,"href":"https:\/\/www.cvs-avocats.com\/fr\/wp-json\/wp\/v2\/media\/3412"}],"wp:attachment":[{"href":"https:\/\/www.cvs-avocats.com\/fr\/wp-json\/wp\/v2\/media?parent=3411"}],"wp:term":[{"taxonomy":"category","embeddable":true,"href":"https:\/\/www.cvs-avocats.com\/fr\/wp-json\/wp\/v2\/categories?post=3411"},{"taxonomy":"post_tag","embeddable":true,"href":"https:\/\/www.cvs-avocats.com\/fr\/wp-json\/wp\/v2\/tags?post=3411"}],"curies":[{"name":"wp","href":"https:\/\/api.w.org\/{rel}","templated":true}]}}