{"id":3390,"date":"2021-07-30T08:26:12","date_gmt":"2021-07-30T06:26:12","guid":{"rendered":"https:\/\/www.cvs-avocats.com\/cvs-pool-bancaire-siparex-entrepreneurs-bpifrance-speechi\/"},"modified":"2024-06-26T15:48:44","modified_gmt":"2024-06-26T13:48:44","slug":"cvs-pool-bancaire-siparex-entrepreneurs-bpifrance-speechi","status":"publish","type":"post","link":"https:\/\/www.cvs-avocats.com\/fr\/cvs-pool-bancaire-siparex-entrepreneurs-bpifrance-speechi\/","title":{"rendered":"Cornet Vincent S\u00e9gurel aux c\u00f4t\u00e9s des banques pour l\u2019entr\u00e9e de Siparex Entrepreneurs et Bpifrance au capital de Speechi"},"content":{"rendered":"\n<div class=\"wp-block-group\"><div class=\"wp-block-group__inner-container is-layout-constrained wp-block-group-is-layout-constrained\">\n<p>Thierry Klein, fondateur de Speechi, a souhait\u00e9 s\u2019entourer de nouveaux actionnaires pour poursuivre plusieurs objectifs. Cette op\u00e9ration primaire majoritaire vise en effet \u00e0 permettre la r\u00e9alisation d\u2019op\u00e9rations de croissance externe, \u00e0 poursuivre le d\u00e9veloppement de l\u2019entreprise \u00e0 l\u2019international mais aussi \u00e0 mettre en place une transition manag\u00e9riale progressive.<\/p>\n\n\n\n<p>Cr\u00e9\u00e9 en 2004 \u00e0 Lille, Speechi d\u00e9veloppe des solutions technologiques collaboratives pour les \u00e9tablissements scolaires et les entreprises. Elle con\u00e7oit et distribue des tableaux blancs et \u00e9crans tactiles et interactifs, des visualiseurs interactifs, des valises interactives mais aussi des robots \u00e9ducatifs et un logiciel d&rsquo;\u00e9valuation en ligne\u2026 aw<\/p>\n\n\n\n<p>Acteur de r\u00e9f\u00e9rence sur son march\u00e9 en France, Speechi r\u00e9alise aujourd\u2019hui un chiffre d\u2019affaires de plus 15M\u20ac et conna\u00eet depuis plusieurs ann\u00e9es une croissance \u00e0 deux chiffres. En int\u00e9grant Siparex Entrepreneurs 5 et Bpifrance \u00e0 son capital et gr\u00e2ce \u00e0 une dette bancaire arrang\u00e9e par Cr\u00e9dit Lyonnais et lev\u00e9e aupr\u00e8s d\u2019un pool de banques &nbsp;conseill\u00e9 par Cornet Vincent S\u00e9gurel, la soci\u00e9t\u00e9 souhaite d\u00e9sormais acc\u00e9l\u00e9rer sa strat\u00e9gie de d\u00e9veloppement.<\/p>\n\n\n\n<h3 class=\"wp-block-heading\">Intervenants<\/h3>\n\n\n\n<p><strong>Acqu\u00e9reurs ou Investisseurs :<\/strong><\/p>\n\n\n\n<ul class=\"wp-block-list\">\n<li>Speechi (Thierry Klein, Fondateur)<\/li>\n\n\n\n<li>SIPAREX (Marl\u00e8ne Rey, Edouard Ribaute) ;<\/li>\n\n\n\n<li>Bpifrance Investissement (Jean Yves Duriez, Pierre de Miscault) ;<\/li>\n<\/ul>\n\n\n\n<p><strong>C\u00e9dant :<\/strong> Thierry Klein<\/p>\n\n\n\n<p><strong>Dette :<\/strong><\/p>\n\n\n\n<ul class=\"wp-block-list\">\n<li>Arrangeur&nbsp;: LCL (Financement) (Vincent Ruffin, Evans Jermulus)<\/li>\n\n\n\n<li>BCMNE (Philippe Amouriaux, Lor\u00e8ne Braems)<\/li>\n\n\n\n<li>Cr\u00e9dit Agricole (Cl\u00e9ment Descamps, Louis Deldique)<\/li>\n<\/ul>\n\n\n\n<h3 class=\"wp-block-heading\">Conseils<\/h3>\n\n\n\n<p><strong>Avocats Banques :<\/strong> Cornet Vincent S\u00e9gurel (Andr\u00e9 Watbot, Charles-Henri Prioul et Aymeric Langanay)<\/p>\n\n\n\n<p><strong>Conseil M&amp;A :<\/strong> Clairfield International (Bertrand Hermez, Marie Dokchine)<\/p>\n\n\n\n<p><strong>Avocat Acqu\u00e9reur &#8211; Corporate :<\/strong> Th\u00e9ret &amp; Associ\u00e9s (Edouard Th\u00e9ret, Chlo\u00e9 de Grieck)<\/p>\n\n\n\n<p><strong>Acqu\u00e9reur &#8211; DD Financi\u00e8re :<\/strong> Oderis (Aurelien Vion, Norian Lebrot)<\/p>\n\n\n\n<p><strong>Acqu\u00e9reur &#8211; DD Juridique et Fiscale :<\/strong> Th\u00e9ret &amp; Associ\u00e9s (Edouard Th\u00e9ret, Chlo\u00e9 de Grieck) ; DM AVOCATS (Bertrand DANSET)<\/p>\n\n\n\n<p><strong>Avocat C\u00e9dant Corporate :<\/strong> Apollo Avocats (Florence Savour\u00e9, Laura Smyrliadis)<\/p>\n<\/div><\/div>\n","protected":false},"excerpt":{"rendered":"<p>Speechi, sp\u00e9cialiste des \u00e9crans interactifs, accueille deux nouveaux actionnaires \u00e0 son capital, Siparex Entrepreneurs, qui prend une position majoritaire, accompagn\u00e9 de Bpifrance.<\/p>\n","protected":false},"author":7,"featured_media":3391,"comment_status":"closed","ping_status":"closed","sticky":false,"template":"","format":"standard","meta":{"_acf_changed":false,"footnotes":""},"categories":[16],"tags":[],"class_list":["post-3390","post","type-post","status-publish","format-standard","has-post-thumbnail","hentry","category-communique"],"acf":[],"_links":{"self":[{"href":"https:\/\/www.cvs-avocats.com\/fr\/wp-json\/wp\/v2\/posts\/3390","targetHints":{"allow":["GET"]}}],"collection":[{"href":"https:\/\/www.cvs-avocats.com\/fr\/wp-json\/wp\/v2\/posts"}],"about":[{"href":"https:\/\/www.cvs-avocats.com\/fr\/wp-json\/wp\/v2\/types\/post"}],"author":[{"embeddable":true,"href":"https:\/\/www.cvs-avocats.com\/fr\/wp-json\/wp\/v2\/users\/7"}],"replies":[{"embeddable":true,"href":"https:\/\/www.cvs-avocats.com\/fr\/wp-json\/wp\/v2\/comments?post=3390"}],"version-history":[{"count":0,"href":"https:\/\/www.cvs-avocats.com\/fr\/wp-json\/wp\/v2\/posts\/3390\/revisions"}],"wp:featuredmedia":[{"embeddable":true,"href":"https:\/\/www.cvs-avocats.com\/fr\/wp-json\/wp\/v2\/media\/3391"}],"wp:attachment":[{"href":"https:\/\/www.cvs-avocats.com\/fr\/wp-json\/wp\/v2\/media?parent=3390"}],"wp:term":[{"taxonomy":"category","embeddable":true,"href":"https:\/\/www.cvs-avocats.com\/fr\/wp-json\/wp\/v2\/categories?post=3390"},{"taxonomy":"post_tag","embeddable":true,"href":"https:\/\/www.cvs-avocats.com\/fr\/wp-json\/wp\/v2\/tags?post=3390"}],"curies":[{"name":"wp","href":"https:\/\/api.w.org\/{rel}","templated":true}]}}