{"id":3336,"date":"2021-07-06T12:58:36","date_gmt":"2021-07-06T10:58:36","guid":{"rendered":"https:\/\/www.cvs-avocats.com\/charles-alice-lbo\/"},"modified":"2025-08-22T11:51:57","modified_gmt":"2025-08-22T09:51:57","slug":"charles-alice-lbo","status":"publish","type":"post","link":"https:\/\/www.cvs-avocats.com\/fr\/charles-alice-lbo\/","title":{"rendered":"Cornet Vincent S\u00e9gurel accompagne le management de Charles &amp; Alice qui acc\u00e8de \u00e0 50% du capital lors d\u2019un nouvel LBO"},"content":{"rendered":"<div class=\"section__body\">\n<div class=\"block-strong-text\">\n<p><p style=\"margin-left:0cm;margin-right:0cm\"><strong><em>Charles &amp; Alice, le sp&eacute;cialiste des desserts de fruits et v&eacute;g&eacute;taux en forte croissance, a proc&eacute;d&eacute; &agrave; une recomposition de son capital. A l&rsquo;issue de l&rsquo;op&eacute;ration, qui s&rsquo;est finalis&eacute;e le 1<sup>er<\/sup> juillet dernier, Equistone sort du capital tandis que le dirigeant de la soci&eacute;t&eacute; et l&rsquo;&eacute;quipe de management renforce leur participation pour la porter &agrave; 50% du capital, &eacute;paul&eacute;s par Cr&eacute;dit Mutuel Equity et Unigrains.<\/em><\/strong><\/p>\n<\/p><\/div>\n<article class=\"article-normal\">\n<div class=\"article__entry\">\n<p style=\"margin-left:0cm;margin-right:0cm;text-align:justify\">Depuis 2013, Equistone d&eacute;tenait la majorit&eacute; du capital du groupe Charles &amp; Alice. Un nouveau tour de table conduit par Cr&eacute;dit Mutuel Equity, partenaire historique de l&rsquo;entreprise, voit ce dernier prendre plus de 40% du capital accompagn&eacute; d&rsquo;Unigrains, soci&eacute;t&eacute; d&rsquo;investissement sp&eacute;cialiste de l&rsquo;agroalimentaire et de l&rsquo;agro-industrie, qui fait son entr&eacute;e au capital. Thierry Goubault, dirigeant du groupe Charles &amp; Alice, consolide sa participation et d&eacute;tient d&eacute;sormais 36% du capital, et l&rsquo;&eacute;quipe de direction 14%.<\/p>\n<p style=\"margin-left:0cm;margin-right:0cm\">Le dirigeant pr&eacute;voit par ailleurs d&rsquo;associer tous les salari&eacute;s &agrave; la future cr&eacute;ation de valeur de l&rsquo;entreprise et travaille aujourd&rsquo;hui avec Cr&eacute;dit Mutuel Equity sur diff&eacute;rentes options.<\/p>\n<p style=\"margin-left:0cm;margin-right:0cm;text-align:justify\">&laquo; <em>M&ecirc;me si l&rsquo;ind&eacute;pendance d&rsquo;une ETI de notre taille reste un challenge, je suis convaincu que le mod&egrave;le d&rsquo;entreprise &agrave; taille humaine, permettant la participation significative au capital des dirigeants et managers reste extr&ecirc;mement vertueux et source d&rsquo;une dynamique de motivation tr&egrave;s forte<\/em> &raquo;, pr&eacute;cise Thierry Goubault.<\/p>\n<p style=\"margin-left:0cm;margin-right:0cm;text-align:justify\">&laquo; <em>Il est tout &agrave; fait dans notre ADN de soutenir dans la dur&eacute;e des dirigeants engag&eacute;s avec lesquels nous avons tiss&eacute; des liens solides, pour leur permettre, avec leurs &eacute;quipes de management, de se renforcer progressivement au capital. Nous sommes fiers de continuer d&rsquo;accompagner, au travers d&rsquo;un vrai partenariat, cette belle ETI fran&ccedil;aise et de soutenir sa croissance et sa transformation<\/em> &raquo;, ajoute Jean-Christophe Vuillot, Directeur chez Cr&eacute;dit Mutuel Equity.<\/p>\n<p style=\"margin-left:0cm;margin-right:0cm;text-align:justify\"><em>&laquo; Nous sommes heureux d&rsquo;accompagner les &eacute;quipes de Charles &amp; Alice dans leurs nouveaux projets de d&eacute;veloppement. Au-del&agrave; de notre accompagnement financier, nous mobiliserons notre expertise d&rsquo;investisseur sp&eacute;cialiste de l&rsquo;agroalimentaire afin d&rsquo;appuyer la soci&eacute;t&eacute; dans ses projets de croissance en France et &agrave; l&rsquo;international<\/em> &raquo;, ajoute Pascal Bridier, Directeur de Participations chez Unigrains.<\/p>\n<p style=\"margin-left:0cm;margin-right:0cm;text-align:justify\">En tout juste dix ans, la marque Charles &amp; Alice a su s&rsquo;imposer dans le secteur bataill&eacute; des desserts aux fruits, face aux poids lourds du march&eacute;. &Agrave; moyen terme, la soci&eacute;t&eacute; pr&eacute;voit d&rsquo;acc&eacute;l&eacute;rer le d&eacute;veloppement de sa marque aussi bien en France qu&rsquo;&agrave; l&rsquo;International, tout en renfor&ccedil;ant ses investissements dans la transition &eacute;cologique.<\/p>\n<p style=\"margin-left:0cm;margin-right:0cm;text-align:justify\">L&rsquo;entreprise entend aussi rester un partenaire engag&eacute; aupr&egrave;s de ses clients &agrave; Marques de Distributeur, qui repr&eacute;sentent environ la moiti&eacute; de son activit&eacute;. Charles &amp; Alice vient d&rsquo;ailleurs d&rsquo;ouvrir un nouvel atelier de production de gourdes de compotes sur son site de Monteux pour accompagner ses clients sur ce march&eacute; dans toute l&rsquo;Europe.<\/p>\n<p style=\"margin-left:0cm;margin-right:0cm;text-align:justify\">Charles &amp; Alice a r&eacute;alis&eacute; 161 M&euro; de chiffres d&rsquo;affaires en 2020 et esp&egrave;re franchir les 200 M&euro; de chiffres d&rsquo;affaires d&rsquo;ici 3 ans.<\/p>\n<\/p><\/div>\n<\/article>\n<article class=\"article-normal\">\n<div class=\"article__head\">\n<h2 class=\"article__title\">\n                    Intervenants<br \/>\n                <\/h2>\n<\/p><\/div>\n<div class=\"article__entry\">\n<p style=\"margin-left:0cm;margin-right:0cm\"><strong><u>Soci&eacute;t&eacute;<\/u><\/strong><\/p>\n<p style=\"margin-left:0cm;margin-right:0cm\">Charles &amp; Alice&nbsp;:<strong> <\/strong>Thierry Goubault, Pr&eacute;sident<\/p>\n<p style=\"margin-left:0cm;margin-right:0cm\"><strong>Conseils Soci&eacute;t&eacute; et Management<\/strong><\/p>\n<ul>\n<li style=\"margin-left: 0cm;margin-right: 0cm\">Avocats : Cornet Vincent S&eacute;gurel (Corporate et coordination &#8211; Pierre Guignand&nbsp;; Corporate&nbsp;: Pierre-Jean Ferry&nbsp;; Fiscalit&eacute;&nbsp;: Alfred Lortat Jacob, Adrien Raoux&nbsp;; Droit social&nbsp;: Delphine Monnier).<\/li>\n<li style=\"margin-left: 0cm;margin-right: 0cm\">Banque d&rsquo;affaires \/ Conseil M&amp;A : ODDO BHF (Thomas Devineau)<\/li>\n<\/ul>\n<p style=\"margin-left:0cm;margin-right:0cm\">&nbsp;<\/p>\n<p style=\"margin-left:0cm;margin-right:0cm\"><strong><u>Investisseurs<\/u><\/strong><\/p>\n<p style=\"margin-left:0cm;margin-right:0cm\">Cr&eacute;dit Mutuel Equity :<strong> <\/strong>Jean-Christophe Vuillot, Olivier Mironneau, Matthieu Anorga, Lise De Nicola<\/p>\n<p style=\"margin-left:0cm;margin-right:0cm\">Unigrains&nbsp;:<strong> <\/strong>S&eacute;bastien Haselint, Pascal Bridier, G&eacute;raldine Salomon, Benjamin Dosdat, Aline Picaut<\/p>\n<p style=\"margin-left:0cm;margin-right:0cm\"><strong>Conseils Investisseurs<\/strong><\/p>\n<ul>\n<li style=\"margin-left: 0cm;margin-right: 0cm\">Avocats corporate, fiscal et financement : Allen &amp; Overy (Romy Richter, Timoth&eacute; Drezet, Julie Parent, Astrid Achard, Alexia Monne, Guillaume Valois, Charles-Antoine Del Valle, Jean-Christophe David, Florence Ninane, Roxane Hicheri)<\/li>\n<li style=\"margin-left: 0cm;margin-right: 0cm\">Avocats Unigrains&nbsp;: Agilys avocats (Baptiste Bellone, Madalina Suru)<\/li>\n<li style=\"margin-left: 0cm;margin-right: 0cm\">Conseil finance : BM&amp;A (Alexis Thura, Guilhem de Montmarin)<\/li>\n<\/ul>\n<p style=\"margin-left:0cm;margin-right:0cm\">&nbsp;<\/p>\n<p style=\"margin-left:0cm;margin-right:0cm\"><strong><u>C&eacute;dants<\/u><\/strong><\/p>\n<p style=\"margin-left:0cm;margin-right:0cm\">Equistone Partners :<strong> <\/strong>Guillaume Jacqueau, Julie Lorin, Gr&eacute;goire Ch&acirc;tillon&nbsp;<\/p>\n<p style=\"margin-left:0cm;margin-right:0cm\"><strong>Conseils C&eacute;dants<\/strong><\/p>\n<ul>\n<li style=\"margin-left: 0cm;margin-right: 0cm\">Avocats corporate&nbsp;: Goodwin (Thomas Maitrejean, David Diamant, Messan Dogbevi)<\/li>\n<li style=\"margin-left: 0cm;margin-right: 0cm\">Conseil M&amp;A et financement :<strong> <\/strong>Natixis Partners<strong> <\/strong>(Val&eacute;rie Pellereau, Simon Le Guillou, Guillaume Philippe Charbonnier)<\/li>\n<\/ul>\n<p style=\"margin-left:0cm;margin-right:0cm\">&nbsp;<\/p>\n<p style=\"margin-left:0cm;margin-right:0cm\"><strong><u>Financement <\/u><\/strong><\/p>\n<p style=\"margin-left:0cm;margin-right:0cm\">Banques : Banque Palatine (Thierry Jay), Banque Populaire M&eacute;diterran&eacute;e, Cr&eacute;dit Lyonnais, CIC Lyonnaise de Banque, CRCA Sud Rh&ocirc;ne Alpes, La Banque Postale, CIC Private Debt, Eiffel, Scor.<\/p>\n<\/p><\/div>\n<\/article><\/div>\n","protected":false},"excerpt":{"rendered":"<p>Charles &amp; Alice, le sp&eacute;cialiste des desserts de fruits et v&eacute;g&eacute;taux en forte croissance, a proc&eacute;d&eacute; &agrave; une recomposition de son capital. A l&rsquo;issue de l&rsquo;op&eacute;ration, qui s&rsquo;est finalis&eacute;e le 1er juillet dernier, Equistone sort du capital tandis que le dirigeant de la soci&eacute;t&eacute; et l&rsquo;&eacute;quipe de management renforce leur participation pour la porter &agrave; [&hellip;]<\/p>\n","protected":false},"author":16,"featured_media":3337,"comment_status":"closed","ping_status":"closed","sticky":false,"template":"","format":"standard","meta":{"_acf_changed":true,"footnotes":""},"categories":[16],"tags":[],"class_list":["post-3336","post","type-post","status-publish","format-standard","has-post-thumbnail","hentry","category-communique"],"acf":[],"_links":{"self":[{"href":"https:\/\/www.cvs-avocats.com\/fr\/wp-json\/wp\/v2\/posts\/3336","targetHints":{"allow":["GET"]}}],"collection":[{"href":"https:\/\/www.cvs-avocats.com\/fr\/wp-json\/wp\/v2\/posts"}],"about":[{"href":"https:\/\/www.cvs-avocats.com\/fr\/wp-json\/wp\/v2\/types\/post"}],"author":[{"embeddable":true,"href":"https:\/\/www.cvs-avocats.com\/fr\/wp-json\/wp\/v2\/users\/16"}],"replies":[{"embeddable":true,"href":"https:\/\/www.cvs-avocats.com\/fr\/wp-json\/wp\/v2\/comments?post=3336"}],"version-history":[{"count":0,"href":"https:\/\/www.cvs-avocats.com\/fr\/wp-json\/wp\/v2\/posts\/3336\/revisions"}],"wp:featuredmedia":[{"embeddable":true,"href":"https:\/\/www.cvs-avocats.com\/fr\/wp-json\/wp\/v2\/media\/3337"}],"wp:attachment":[{"href":"https:\/\/www.cvs-avocats.com\/fr\/wp-json\/wp\/v2\/media?parent=3336"}],"wp:term":[{"taxonomy":"category","embeddable":true,"href":"https:\/\/www.cvs-avocats.com\/fr\/wp-json\/wp\/v2\/categories?post=3336"},{"taxonomy":"post_tag","embeddable":true,"href":"https:\/\/www.cvs-avocats.com\/fr\/wp-json\/wp\/v2\/tags?post=3336"}],"curies":[{"name":"wp","href":"https:\/\/api.w.org\/{rel}","templated":true}]}}