{"id":3327,"date":"2021-06-29T15:59:05","date_gmt":"2021-06-29T13:59:05","guid":{"rendered":"https:\/\/www.cvs-avocats.com\/allongement-conge-paternite\/"},"modified":"2026-02-11T14:16:00","modified_gmt":"2026-02-11T13:16:00","slug":"allongement-conge-paternite","status":"publish","type":"post","link":"https:\/\/www.cvs-avocats.com\/fr\/allongement-conge-paternite\/","title":{"rendered":"[Infographie] L\u2019allongement du cong\u00e9 paternit\u00e9"},"content":{"rendered":"<div class=\"section__body\">\n<div class=\"block-strong-text\">\n<p style=\"margin-left: 0cm; margin-right: 0cm; text-align: justify;\"><strong>\u00c0 compter du 1<sup>er<\/sup> juillet 2021, les heureux papas b\u00e9n\u00e9ficieront d\u2019un cong\u00e9 paternit\u00e9 allong\u00e9 de 14 jours suppl\u00e9mentaires. Explications illustr\u00e9es par une infographie en fin d&rsquo;article.<\/strong><\/p>\n<\/div>\n<article class=\"article-normal\">\n<div class=\"article__entry\">\n<p style=\"margin-left: 0cm; margin-right: 0cm; text-align: justify;\">Le cong\u00e9 paternit\u00e9 se d\u00e9coupera ainsi en plusieurs parties\u00a0:<\/p>\n<ul>\n<li style=\"text-align: justify;\">D\u2019abord, un premier cong\u00e9 de 3 jours ouvrables, obligatoire, et pay\u00e9 par l\u2019employeur\u00a0;<\/li>\n<li style=\"text-align: justify;\">Aussit\u00f4t apr\u00e8s, un cong\u00e9 de 4 jours calendaires, obligatoire, et r\u00e9mun\u00e9r\u00e9 par des indemnit\u00e9s journali\u00e8res de la s\u00e9curit\u00e9 sociale (IJSS)\u00a0;<\/li>\n<li style=\"text-align: justify;\">Puis 21 jours calendaires (ou 28 jours en cas de naissances multiples), facultatifs, r\u00e9mun\u00e9r\u00e9s par des IJSS :\n<ul style=\"list-style-type: circle;\">\n<li style=\"text-align: justify;\">\u00c0 prendre dans un d\u00e9lai de 6 mois suivant la naissance\u00a0;<\/li>\n<li style=\"text-align: justify;\">Fractionnables en deux p\u00e9riodes, d\u2019une dur\u00e9e minimale de 5 jours chacune.<\/li>\n<\/ul>\n<\/li>\n<\/ul>\n<p style=\"margin-left: 0cm; margin-right: 0cm; text-align: justify;\">Les conditions d\u2019ouverture de droit et de liquidation des indemnit\u00e9s journali\u00e8res de la s\u00e9curit\u00e9 sociale accord\u00e9es au p\u00e8re sont identiques \u00e0 celles vers\u00e9es pour le cong\u00e9 maternit\u00e9.<\/p>\n<p style=\"margin-left: 0cm; margin-right: 0cm; text-align: justify;\">Le salari\u00e9 doit informer son employeur\u00a0:<\/p>\n<ul>\n<li style=\"text-align: justify;\">De la date pr\u00e9visionnelle de l\u2019accouchement, au moins 1 mois auparavant (si l\u2019enfant nait plus t\u00f4t que pr\u00e9vu, le salari\u00e9 doit l\u2019informer \u00ab\u00a0<em>sans d\u00e9lai\u00a0\u00bb<\/em>)\u00a0;<\/li>\n<li style=\"text-align: justify;\">Des dates et des dur\u00e9es des (ou de la) p\u00e9riodes de cong\u00e9 restantes (les 21 jours calendaires), au moins 1 mois avant le d\u00e9but de chaque p\u00e9riode.<\/li>\n<\/ul>\n<p style=\"margin-left: 0cm; margin-right: 0cm; text-align: justify;\">Le Code du travail pr\u00e9voit par ailleurs des possibilit\u00e9s de report et d\u2019augmentation de la dur\u00e9e des cong\u00e9s en cas d\u2019hospitalisation de l\u2019enfant ou de d\u00e9c\u00e8s de la m\u00e8re.<\/p>\n<p>Et tout comme pour le cong\u00e9 maternit\u00e9, le p\u00e8re dispose d\u2019une protection contre le licenciement durant une p\u00e9riode de 10 semaines suivant la naissance de l\u2019enfant : l\u2019employeur ne peut rompre son contrat qu\u2019en cas de faute grave ou d\u2019impossibilit\u00e9 de maintenir le contrat de travail pour un motif \u00e9tranger \u00e0 la naissance.<\/p>\n<\/div>\n<\/article>\n<\/div>\n\n\n<p><\/p>\n","protected":false},"excerpt":{"rendered":"<p>\u00c0 compter du 1er juillet 2021, les heureux papas b\u00e9n\u00e9ficieront d\u2019un cong\u00e9 paternit\u00e9 allong\u00e9 de 14 jours suppl\u00e9mentaires. Explications illustr\u00e9es par une infographie en fin d&rsquo;article. Le cong\u00e9 paternit\u00e9 se d\u00e9coupera ainsi en plusieurs parties\u00a0: D\u2019abord, un premier cong\u00e9 de 3 jours ouvrables, obligatoire, et pay\u00e9 par l\u2019employeur\u00a0; Aussit\u00f4t apr\u00e8s, un cong\u00e9 de 4 jours [&hellip;]<\/p>\n","protected":false},"author":10,"featured_media":3328,"comment_status":"closed","ping_status":"closed","sticky":false,"template":"","format":"standard","meta":{"_acf_changed":false,"footnotes":""},"categories":[15],"tags":[],"class_list":["post-3327","post","type-post","status-publish","format-standard","has-post-thumbnail","hentry","category-publications"],"acf":[],"_links":{"self":[{"href":"https:\/\/www.cvs-avocats.com\/fr\/wp-json\/wp\/v2\/posts\/3327","targetHints":{"allow":["GET"]}}],"collection":[{"href":"https:\/\/www.cvs-avocats.com\/fr\/wp-json\/wp\/v2\/posts"}],"about":[{"href":"https:\/\/www.cvs-avocats.com\/fr\/wp-json\/wp\/v2\/types\/post"}],"author":[{"embeddable":true,"href":"https:\/\/www.cvs-avocats.com\/fr\/wp-json\/wp\/v2\/users\/10"}],"replies":[{"embeddable":true,"href":"https:\/\/www.cvs-avocats.com\/fr\/wp-json\/wp\/v2\/comments?post=3327"}],"version-history":[{"count":0,"href":"https:\/\/www.cvs-avocats.com\/fr\/wp-json\/wp\/v2\/posts\/3327\/revisions"}],"wp:featuredmedia":[{"embeddable":true,"href":"https:\/\/www.cvs-avocats.com\/fr\/wp-json\/wp\/v2\/media\/3328"}],"wp:attachment":[{"href":"https:\/\/www.cvs-avocats.com\/fr\/wp-json\/wp\/v2\/media?parent=3327"}],"wp:term":[{"taxonomy":"category","embeddable":true,"href":"https:\/\/www.cvs-avocats.com\/fr\/wp-json\/wp\/v2\/categories?post=3327"},{"taxonomy":"post_tag","embeddable":true,"href":"https:\/\/www.cvs-avocats.com\/fr\/wp-json\/wp\/v2\/tags?post=3327"}],"curies":[{"name":"wp","href":"https:\/\/api.w.org\/{rel}","templated":true}]}}