{"id":3324,"date":"2021-06-28T15:11:59","date_gmt":"2021-06-28T13:11:59","guid":{"rendered":"https:\/\/www.cvs-avocats.com\/spac-transition-energie\/"},"modified":"2025-03-03T16:52:11","modified_gmt":"2025-03-03T15:52:11","slug":"spac-transition-energie","status":"publish","type":"post","link":"https:\/\/www.cvs-avocats.com\/fr\/spac-transition-energie\/","title":{"rendered":"Transition, le premier SPAC europ\u00e9en d\u00e9di\u00e9 \u00e0 l&rsquo;\u00e9nergie"},"content":{"rendered":"<div class=\"section__body\">\n<div class=\"block-strong-text\">\n<p>Sylvain Clav\u00e9, avocat directeur de notre \u00e9quipe Banque Finance, a r\u00e9pondu aux questions de La Tribune au sujet de la cr\u00e9ation de Transition, premier SPAC europ\u00e9en d\u00e9di\u00e9 aux \u00e9nergies. Quel est le fonctionnement de ce v\u00e9hicule d&rsquo;investissement ? Quels en sont les avantages et inconv\u00e9nients ? El\u00e9ments de r\u00e9ponse.<\/p>\n<\/div>\n<article class=\"article-normal\">\n<div class=\"article__entry\"><\/div>\n<\/article>\n<ul class=\"list-icons\">\n<li><a href=\"https:\/\/www.latribune.fr\/entreprises-finance\/industrie\/energie-environnement\/les-grandes-ambitions-de-transition-le-premier-spac-europeen-dedie-a-l-energie-887349.html\">Retrouvez l&rsquo;article \u00ab\u00a0Les grandes ambitions de transition, le premier SPAC europ\u00e9en d\u00e9di\u00e9 \u00e0 l&rsquo;\u00e9nergie\u00a0\u00bb sur La Tribune.<\/a><\/li>\n<\/ul>\n<\/div>\n","protected":false},"excerpt":{"rendered":"<p>Sylvain Clav\u00e9, avocat directeur de notre \u00e9quipe Banque Finance, a r\u00e9pondu aux questions de La Tribune au sujet de la cr\u00e9ation de Transition, premier SPAC europ\u00e9en d\u00e9di\u00e9 aux \u00e9nergies. Quel est le fonctionnement de ce v\u00e9hicule d&rsquo;investissement ? Quels en sont les avantages et inconv\u00e9nients ? El\u00e9ments de r\u00e9ponse. Retrouvez l&rsquo;article \u00ab\u00a0Les grandes ambitions de [&hellip;]<\/p>\n","protected":false},"author":18,"featured_media":3325,"comment_status":"closed","ping_status":"closed","sticky":false,"template":"","format":"standard","meta":{"_acf_changed":false,"footnotes":""},"categories":[15],"tags":[],"class_list":["post-3324","post","type-post","status-publish","format-standard","has-post-thumbnail","hentry","category-publications"],"acf":[],"_links":{"self":[{"href":"https:\/\/www.cvs-avocats.com\/fr\/wp-json\/wp\/v2\/posts\/3324","targetHints":{"allow":["GET"]}}],"collection":[{"href":"https:\/\/www.cvs-avocats.com\/fr\/wp-json\/wp\/v2\/posts"}],"about":[{"href":"https:\/\/www.cvs-avocats.com\/fr\/wp-json\/wp\/v2\/types\/post"}],"author":[{"embeddable":true,"href":"https:\/\/www.cvs-avocats.com\/fr\/wp-json\/wp\/v2\/users\/18"}],"replies":[{"embeddable":true,"href":"https:\/\/www.cvs-avocats.com\/fr\/wp-json\/wp\/v2\/comments?post=3324"}],"version-history":[{"count":0,"href":"https:\/\/www.cvs-avocats.com\/fr\/wp-json\/wp\/v2\/posts\/3324\/revisions"}],"wp:featuredmedia":[{"embeddable":true,"href":"https:\/\/www.cvs-avocats.com\/fr\/wp-json\/wp\/v2\/media\/3325"}],"wp:attachment":[{"href":"https:\/\/www.cvs-avocats.com\/fr\/wp-json\/wp\/v2\/media?parent=3324"}],"wp:term":[{"taxonomy":"category","embeddable":true,"href":"https:\/\/www.cvs-avocats.com\/fr\/wp-json\/wp\/v2\/categories?post=3324"},{"taxonomy":"post_tag","embeddable":true,"href":"https:\/\/www.cvs-avocats.com\/fr\/wp-json\/wp\/v2\/tags?post=3324"}],"curies":[{"name":"wp","href":"https:\/\/api.w.org\/{rel}","templated":true}]}}