{"id":3266,"date":"2021-04-16T09:51:54","date_gmt":"2021-04-16T07:51:54","guid":{"rendered":"https:\/\/www.cvs-avocats.com\/2-ans-loi-pacte\/"},"modified":"2025-03-03T16:01:40","modified_gmt":"2025-03-03T15:01:40","slug":"2-ans-loi-pacte","status":"publish","type":"post","link":"https:\/\/www.cvs-avocats.com\/fr\/2-ans-loi-pacte\/","title":{"rendered":"2 ans de \u00ab\u00a0Loi Pacte\u00a0\u00bb : quel bilan pour les entreprises ?"},"content":{"rendered":"<div class=\"section__body\">\n<div class=\"block-strong-text\">\n<p>\u00ab Une entreprise doit faire des profits mais elle ne peut pas faire que cela \u00bb, d\u00e9clarait le 21 mars 2019, lors d&rsquo;un colloque \u00e0 l&rsquo;Assembl\u00e9e \u00e0 l&rsquo;occasion du vote de la loi Pacte, le ministre de l&rsquo;Economie et des Finances. Soutenu par plusieurs patrons embl\u00e9matiques, il proclamait la n\u00e9cessit\u00e9 de donner du sens \u00e0 l&rsquo;entreprise en int\u00e9grant des buts sociaux et environnementaux. Qu&rsquo;en est-il deux ans apr\u00e8s ?<\/p>\n<\/div>\n<article class=\"article-normal\">\n<div class=\"article__entry\">\n<p>Une chronique publi\u00e9e dans Les Echos\u00a0\u00e9crite par\u00a0Dominique Stucki, associ\u00e9 en droit des soci\u00e9t\u00e9s et auteur du guide pratique \u00ab\u00a0Raison d&rsquo;\u00eatre et Soci\u00e9t\u00e9 \u00e0 Mission : les coulisses d&rsquo;un engagement\u00a0\u00bb.<\/p>\n<\/div>\n<\/article>\n<ul class=\"list-icons\">\n<li><a href=\"https:\/\/www.lesechos.fr\/idees-debats\/leadership-management\/loi-pacte-quel-bilan-pour-les-entreprises-deux-ans-apres-1307456#utm_source=le%3Alec0f&amp;utm_medium=click&amp;utm_campaign=share-links_twitter\">Retrouvez l&rsquo;article sur lesechos.fr<\/a><\/li>\n<\/ul>\n<ul class=\"list-icons\">\n<li><a href=\"https:\/\/www.cvs-avocats.com\/fr\/raison-etre-mission-2\/\">T\u00e9l\u00e9charger le guide \u00ab\u00a0Raison d&rsquo;\u00eatre et Soci\u00e9t\u00e9 \u00e0 Mission : les coulisses d&rsquo;un engagement\u00a0\u00bb<\/a><\/li>\n<\/ul>\n<\/div>\n","protected":false},"excerpt":{"rendered":"<p>\u00ab Une entreprise doit faire des profits mais elle ne peut pas faire que cela \u00bb, d\u00e9clarait le 21 mars 2019, lors d&rsquo;un colloque \u00e0 l&rsquo;Assembl\u00e9e \u00e0 l&rsquo;occasion du vote de la loi Pacte, le ministre de l&rsquo;Economie et des Finances. Soutenu par plusieurs patrons embl\u00e9matiques, il proclamait la n\u00e9cessit\u00e9 de donner du sens \u00e0 [&hellip;]<\/p>\n","protected":false},"author":18,"featured_media":3267,"comment_status":"closed","ping_status":"closed","sticky":false,"template":"","format":"standard","meta":{"_acf_changed":false,"footnotes":""},"categories":[15],"tags":[],"class_list":["post-3266","post","type-post","status-publish","format-standard","has-post-thumbnail","hentry","category-publications"],"acf":[],"_links":{"self":[{"href":"https:\/\/www.cvs-avocats.com\/fr\/wp-json\/wp\/v2\/posts\/3266","targetHints":{"allow":["GET"]}}],"collection":[{"href":"https:\/\/www.cvs-avocats.com\/fr\/wp-json\/wp\/v2\/posts"}],"about":[{"href":"https:\/\/www.cvs-avocats.com\/fr\/wp-json\/wp\/v2\/types\/post"}],"author":[{"embeddable":true,"href":"https:\/\/www.cvs-avocats.com\/fr\/wp-json\/wp\/v2\/users\/18"}],"replies":[{"embeddable":true,"href":"https:\/\/www.cvs-avocats.com\/fr\/wp-json\/wp\/v2\/comments?post=3266"}],"version-history":[{"count":0,"href":"https:\/\/www.cvs-avocats.com\/fr\/wp-json\/wp\/v2\/posts\/3266\/revisions"}],"wp:featuredmedia":[{"embeddable":true,"href":"https:\/\/www.cvs-avocats.com\/fr\/wp-json\/wp\/v2\/media\/3267"}],"wp:attachment":[{"href":"https:\/\/www.cvs-avocats.com\/fr\/wp-json\/wp\/v2\/media?parent=3266"}],"wp:term":[{"taxonomy":"category","embeddable":true,"href":"https:\/\/www.cvs-avocats.com\/fr\/wp-json\/wp\/v2\/categories?post=3266"},{"taxonomy":"post_tag","embeddable":true,"href":"https:\/\/www.cvs-avocats.com\/fr\/wp-json\/wp\/v2\/tags?post=3266"}],"curies":[{"name":"wp","href":"https:\/\/api.w.org\/{rel}","templated":true}]}}