{"id":3244,"date":"2021-04-01T13:46:45","date_gmt":"2021-04-01T11:46:45","guid":{"rendered":"https:\/\/www.cvs-avocats.com\/covid-19-couts-fixes-entreprises-difficultes\/"},"modified":"2026-02-11T14:21:57","modified_gmt":"2026-02-11T13:21:57","slug":"covid-19-couts-fixes-entreprises-difficultes","status":"publish","type":"post","link":"https:\/\/www.cvs-avocats.com\/fr\/covid-19-couts-fixes-entreprises-difficultes\/","title":{"rendered":"Covid-19 : dispositif de prise en charge des co\u00fbts fixes des entreprises en difficult\u00e9"},"content":{"rendered":"<div class=\"section__body\">\n<div class=\"block-strong-text\">\n<p style=\"margin-left: 0cm; margin-right: 0cm;\"><strong><span style=\"color: black;\">A compter du 31 mars 2021, les entreprises fortement impact\u00e9es par la crise sanitaire vont pouvoir b\u00e9n\u00e9ficier, en compl\u00e9ment du fonds de solidarit\u00e9, d\u2019une nouvelle aide dite \u00ab\u00a0<em>co\u00fbts fixes<\/em>\u00a0\u00bb. <\/span><\/strong><strong><span style=\"color: black;\">Cette derni\u00e8re vise \u00e0 couvrir jusqu\u2019\u00e0 90% des pertes d\u2019exploitation sur la p\u00e9riode de janvier \u00e0 juin 2021. Explications.<\/span><\/strong><\/p>\n<\/div>\n<article class=\"article-normal\">\n<div class=\"article__entry\">\n<p style=\"margin-left: 0cm; margin-right: 0cm;\"><span style=\"color: black;\">Le gouvernement a communiqu\u00e9, jeudi 25 mars, les modalit\u00e9s de l\u2019aide dite \u00ab\u00a0<em>co\u00fbts fixes<\/em>\u00a0\u00bb qui a vocation \u00e0 permettre aux entreprises de couvrir leurs charges fixes des mois de janvier \u00e0 juin 2021 qui ne sont pas couvertes par leurs recettes et assurances ou les aides publiques.<\/span><\/p>\n<p style=\"margin-left: 0cm; margin-right: 0cm;\"><span style=\"color: black;\">Le dispositif vise \u00e0 couvrir 70 % des pertes d\u2019exploitation pour les entreprises de plus de 50 salari\u00e9s et 90 % des pertes d\u2019exploitation pour les entreprises de moins de 50 salari\u00e9s, dans la limite de 10 millions d\u2019euros sur le premier semestre de l&rsquo;ann\u00e9e 2021.<\/span><\/p>\n<p style=\"margin-left: 0cm; margin-right: 0cm;\"><span style=\"color: black;\">Les p\u00e9riodes \u00e9ligibles pour b\u00e9n\u00e9ficier de cette aide sont les suivantes\u00a0:<\/span><\/p>\n<ul>\n<li><span style=\"color: black;\">Premi\u00e8re p\u00e9riode \u00e9ligible\u00a0: janvier-f\u00e9vrier 2021\u00a0;<\/span><\/li>\n<li><span style=\"color: black;\">Deuxi\u00e8me p\u00e9riode \u00e9ligible\u00a0: mars-avril 2021\u00a0;<\/span><\/li>\n<li><span style=\"color: black;\">Troisi\u00e8me p\u00e9riode \u00e9ligible\u00a0: mai-juin 2021.<\/span><\/li>\n<\/ul>\n<p style=\"margin-left: 0cm; margin-right: 0cm;\"><span style=\"color: black;\">Le dispositif est ouvert aux entreprises r\u00e9pondant \u00e0 toutes les conditions suivantes:<\/span><\/p>\n<p><span style=\"color: black;\"><strong>1.<\/strong> Avoir per\u00e7u le fonds de solidarit\u00e9 au moins un des deux mois de la p\u00e9riode \u00e9ligible ;<\/span><\/p>\n<p><span style=\"color: black;\"><strong>2. <\/strong>Avoir \u00e9t\u00e9 cr\u00e9\u00e9e au moins deux ans avant le premier jour de la p\u00e9riode \u00e9ligible ;<\/span><\/p>\n<p><span style=\"color: black;\"><strong>3.<\/strong>\u00a0Avoir une perte de chiffre d\u2019affaires d\u2019au moins 50 % sur la p\u00e9riode dite \u00e9ligible par rapport au chiffre d\u2019affaires r\u00e9alis\u00e9 sur la p\u00e9riode de r\u00e9f\u00e9rence correspondant aux deux m\u00eames mois de l\u2019ann\u00e9e 2019 ;<\/span><\/p>\n<p><span style=\"color: black;\"><strong>4.<\/strong> Avoir un Exc\u00e9dent Brut d\u2019Exploitation (EBE) n\u00e9gatif sur la p\u00e9riode \u00e9ligible ; <\/span><\/p>\n<p><span style=\"color: black;\"><strong>5.<\/strong> Avoir un chiffre d\u2019affaires (CA) mensuel de r\u00e9f\u00e9rence sup\u00e9rieur \u00e0 1 M\u20ac pour au moins un des deux mois de la p\u00e9riode \u00e9ligible, ou avoir r\u00e9alis\u00e9 en 2019 un chiffre d\u2019affaires annuel sup\u00e9rieur \u00e0 douze millions d\u2019euros, ou faire partie d&rsquo;un groupe dont le chiffre d&rsquo;affaires annuel 2019 est sup\u00e9rieur \u00e0 douze millions d&rsquo;euros, sous r\u00e9serve d\u2019\u00eatre dans une des situations suivantes :<\/span><\/p>\n<ul>\n<li><span style=\"color: black;\">avoir \u00e9t\u00e9 interdite d\u2019accueil du public de mani\u00e8re ininterrompue au cours d\u2019au moins un mois calendaire parmi les deux mois de la p\u00e9riode \u00e9ligible ;<\/span><\/li>\n<li><span style=\"color: black;\">ou exercer son activit\u00e9 principale dans le commerce de d\u00e9tail et avoir au moins un de ses magasins de vente situ\u00e9 dans un centre commercial de plus de 20.000 m\u00b2 ;<\/span><\/li>\n<li><span style=\"color: black;\">ou exercer son activit\u00e9 principale dans un secteur mentionn\u00e9 \u00e0 l\u2019annexe 1 ou 2 du d\u00e9cret du 30 mars 2020 relatif au fonds de solidarit\u00e9 dans sa r\u00e9daction en vigueur au 11 mars 2021 ;<\/span><\/li>\n<li><span style=\"color: black;\">ou exercer son activit\u00e9 principale dans le commerce de d\u00e9tail, \u00e0 l\u2019exception des automobiles et des motocycles, ou la location de biens immobiliers r\u00e9sidentiels, et \u00eatre domicili\u00e9e dans une commune mentionn\u00e9e \u00e0 l\u2019annexe 3 du d\u00e9cret du 30 mars 2020.<\/span><\/li>\n<\/ul>\n<p style=\"margin-left: 0cm; margin-right: 0cm;\"><span style=\"color: black;\">Par exception, le dispositif est ouvert, <strong><u>sans crit\u00e8re de chiffre d\u2019affaires<\/u><\/strong>, aux entreprises des secteurs suivants:<\/span><\/p>\n<ul>\n<li><span style=\"color: black;\">Restauration traditionnelle domicili\u00e9e dans une commune mentionn\u00e9e \u00e0 l\u2019annexe 3 du d\u00e9cret du 30 mars 2020 relatif au fonds de solidarit\u00e9,<\/span><\/li>\n<li><span style=\"color: black;\">H\u00f4tels et h\u00e9bergements similaires domicili\u00e9s dans une commune mentionn\u00e9e \u00e0 l\u2019annexe 3 du d\u00e9cret du 30 mars 2020 relatif au fonds de solidarit\u00e9,<\/span><\/li>\n<li><span style=\"color: black;\">H\u00e9bergement touristique et autre h\u00e9bergement de courte dur\u00e9e dans une commune mentionn\u00e9e \u00e0 l\u2019annexe 3 du d\u00e9cret du 30 mars 2020 relatif au fonds de solidarit\u00e9,<\/span><\/li>\n<li><span style=\"color: black;\">Salles de sport,<\/span><\/li>\n<li><span style=\"color: black;\">Salles de loisirs int\u00e9rieurs,<\/span><\/li>\n<li><span style=\"color: black;\">Jardins et parcs zoologiques,<\/span><\/li>\n<li><span style=\"color: black;\">Thermalisme,<\/span><\/li>\n<li><span style=\"color: black;\">Activit\u00e9s des parcs d\u2019attractions et parcs \u00e0 th\u00e8mes.<\/span><\/li>\n<\/ul>\n<\/div>\n<\/article>\n<article class=\"article-normal\">\n<div class=\"article__head\">\n<h2 class=\"article__title\">Modalit\u00e9s de calcul<\/h2>\n<\/div>\n<div class=\"article__entry\">\n<p><span style=\"color: black;\">Le calcul de cette aide est bas\u00e9 sur les pertes brutes d\u2019exploitation (EBE) selon la formule suivante : EBE = Recettes + subventions (type aide du fonds de solidarit\u00e9) &#8211; achats consomm\u00e9s &#8211; consommations en provenance de tiers &#8211; charges de personnel &#8211; imp\u00f4ts et taxes et versements assimil\u00e9s.<\/span><\/p>\n<table style=\"width: 500px;\" border=\"1\" cellspacing=\"1\" cellpadding=\"1\">\n<thead>\n<tr>\n<th style=\"text-align: left;\" scope=\"col\">EBE =<\/th>\n<th style=\"text-align: left;\" scope=\"col\">Compte associ\u00e9<\/th>\n<\/tr>\n<\/thead>\n<tbody>\n<tr>\n<td>+ recettes<\/td>\n<td>Compte 70<\/td>\n<\/tr>\n<tr>\n<td>&#8211; achats consomm\u00e9s<\/td>\n<td>Compte 60<\/td>\n<\/tr>\n<tr>\n<td>&#8211; consommations en provenance de tiers<\/td>\n<td>Compte 61 \u00e0 62<\/td>\n<\/tr>\n<tr>\n<td>+ subventions d&rsquo;exploitation<\/td>\n<td>Compte 74<\/td>\n<\/tr>\n<tr>\n<td>&#8211; charges de personnel<\/td>\n<td>Compte 64<\/td>\n<\/tr>\n<tr>\n<td>&#8211; imp\u00f4ts et taxes<\/td>\n<td>Compte 63<\/td>\n<\/tr>\n<\/tbody>\n<\/table>\n<\/div>\n<\/article>\n<article class=\"article-normal\">\n<div class=\"article__head\">\n<h2 class=\"article__title\">D\u00e9p\u00f4ts des demandes<\/h2>\n<\/div>\n<div class=\"article__entry\">\n<p style=\"margin-left: 0cm; margin-right: 0cm;\"><span style=\"color: black;\">Les entreprises \u00e9ligibles au dispositif peuvent d\u00e9poser leur demande via leur espace professionnel du site <a style=\"color: #0563c1; text-decoration: underline;\" href=\"http:\/\/www.impots.gouv.fr\">www.impots.gouv.fr<\/a>. <\/span><\/p>\n<p style=\"margin-left: 0cm; margin-right: 0cm;\"><span style=\"color: black;\">La demande d\u2019aide est r\u00e9alis\u00e9e par voie d\u00e9mat\u00e9rialis\u00e9e, dans les conditions suivantes :<\/span><\/p>\n<\/div>\n<\/article>\n<article class=\"article-normal\">\n<div class=\"article__entry\">\n<p style=\"margin-left: 0cm; margin-right: 0cm;\"><span style=\"color: #e7413b;\"><strong>\u26a0 Pour les entreprises ayant per\u00e7u l\u2019aide au titre du fonds de solidarit\u00e9 pour les mois de janvier et f\u00e9vrier, la demande de l\u2019aide \u00ab\u00a0<em>co\u00fbts fixes<\/em>\u00a0\u00bb est \u00e0 d\u00e9poser <u>dans un d\u00e9lai de quinze jours apr\u00e8s\u00a0le versement du fonds de solidarit\u00e9 du mois de f\u00e9vrier 2021. <\/u><\/strong><\/span><\/p>\n<\/div>\n<\/article>\n<article class=\"article-normal\">\n<div class=\"article__entry\"><\/div>\n<\/article>\n<ul class=\"list-icons\">\n<li>Pr\u00e9sentation du dispositif Aide dite \u00ab\u00a0co\u00fbts fixes\u00a0\u00bb<\/li>\n<\/ul>\n<ul class=\"list-icons\">\n<li><a href=\"https:\/\/www.legifrance.gouv.fr\/jorf\/id\/JORFTEXT000043285825\">Lien vers le D\u00e9cret n\u00b0 2021-310 du 24 mars 2021 instituant une aide visant \u00e0 compenser les co\u00fbts fixes non couverts des entreprises dont l&rsquo;activit\u00e9 est particuli\u00e8rement affect\u00e9e par l&rsquo;\u00e9pid\u00e9mie de covid-19<\/a><\/li>\n<\/ul>\n<\/div>\n","protected":false},"excerpt":{"rendered":"<p>A compter du 31 mars 2021, les entreprises fortement impact\u00e9es par la crise sanitaire vont pouvoir b\u00e9n\u00e9ficier, en compl\u00e9ment du fonds de solidarit\u00e9, d\u2019une nouvelle aide dite \u00ab\u00a0co\u00fbts fixes\u00a0\u00bb. Cette derni\u00e8re vise \u00e0 couvrir jusqu\u2019\u00e0 90% des pertes d\u2019exploitation sur la p\u00e9riode de janvier \u00e0 juin 2021. Explications. Le gouvernement a communiqu\u00e9, jeudi 25 mars, [&hellip;]<\/p>\n","protected":false},"author":18,"featured_media":3245,"comment_status":"closed","ping_status":"closed","sticky":false,"template":"","format":"standard","meta":{"_acf_changed":false,"footnotes":""},"categories":[15],"tags":[],"class_list":["post-3244","post","type-post","status-publish","format-standard","has-post-thumbnail","hentry","category-publications"],"acf":[],"_links":{"self":[{"href":"https:\/\/www.cvs-avocats.com\/fr\/wp-json\/wp\/v2\/posts\/3244","targetHints":{"allow":["GET"]}}],"collection":[{"href":"https:\/\/www.cvs-avocats.com\/fr\/wp-json\/wp\/v2\/posts"}],"about":[{"href":"https:\/\/www.cvs-avocats.com\/fr\/wp-json\/wp\/v2\/types\/post"}],"author":[{"embeddable":true,"href":"https:\/\/www.cvs-avocats.com\/fr\/wp-json\/wp\/v2\/users\/18"}],"replies":[{"embeddable":true,"href":"https:\/\/www.cvs-avocats.com\/fr\/wp-json\/wp\/v2\/comments?post=3244"}],"version-history":[{"count":0,"href":"https:\/\/www.cvs-avocats.com\/fr\/wp-json\/wp\/v2\/posts\/3244\/revisions"}],"wp:featuredmedia":[{"embeddable":true,"href":"https:\/\/www.cvs-avocats.com\/fr\/wp-json\/wp\/v2\/media\/3245"}],"wp:attachment":[{"href":"https:\/\/www.cvs-avocats.com\/fr\/wp-json\/wp\/v2\/media?parent=3244"}],"wp:term":[{"taxonomy":"category","embeddable":true,"href":"https:\/\/www.cvs-avocats.com\/fr\/wp-json\/wp\/v2\/categories?post=3244"},{"taxonomy":"post_tag","embeddable":true,"href":"https:\/\/www.cvs-avocats.com\/fr\/wp-json\/wp\/v2\/tags?post=3244"}],"curies":[{"name":"wp","href":"https:\/\/api.w.org\/{rel}","templated":true}]}}