{"id":3235,"date":"2021-03-18T10:52:57","date_gmt":"2021-03-18T09:52:57","guid":{"rendered":"https:\/\/www.cvs-avocats.com\/raison-d-etre-b-smart\/"},"modified":"2025-03-03T16:47:35","modified_gmt":"2025-03-03T15:47:35","slug":"raison-d-etre-b-smart","status":"publish","type":"post","link":"https:\/\/www.cvs-avocats.com\/fr\/raison-d-etre-b-smart\/","title":{"rendered":"SMART IMPACT : la raison d&rsquo;\u00eatre \u00e0 l&rsquo;\u00e9preuve de l&rsquo;actualit\u00e9 \u00e9conomique"},"content":{"rendered":"<div class=\"section__body\">\n<div class=\"block-strong-text\">\n<p>Comment l&rsquo;actualit\u00e9 \u00e9conomique impacte-t-elle les concepts de raison d&rsquo;\u00eatre et d&rsquo;entreprise \u00e0 mission ? Retrouvez en replay les \u00e9changes Thomas Hugues et Dominique Stucki, avocat associ\u00e9 et coordinateur de l&rsquo;ouvrage \u00ab\u00a0Raison d&rsquo;\u00eatre et Soci\u00e9t\u00e9s \u00e0 mission : les coulisses d&rsquo;un engagement\u00a0\u00bb, dans SMART IMPACT.<\/p>\n<\/div>\n<ul class=\"list-icons\">\n<li><a href=\"https:\/\/www.bsmart.fr\/video\/4606-smart-impact-emission-18-mars-2021\">D\u00e9couvrez le replay de B SMART du 18 mars 2021<\/a><\/li>\n<\/ul>\n<\/div>\n","protected":false},"excerpt":{"rendered":"<p>Comment l&rsquo;actualit\u00e9 \u00e9conomique impacte-t-elle les concepts de raison d&rsquo;\u00eatre et d&rsquo;entreprise \u00e0 mission ? Retrouvez en replay les \u00e9changes Thomas Hugues et Dominique Stucki, avocat associ\u00e9 et coordinateur de l&rsquo;ouvrage \u00ab\u00a0Raison d&rsquo;\u00eatre et Soci\u00e9t\u00e9s \u00e0 mission : les coulisses d&rsquo;un engagement\u00a0\u00bb, dans SMART IMPACT. D\u00e9couvrez le replay de B SMART du 18 mars 2021<\/p>\n","protected":false},"author":18,"featured_media":3236,"comment_status":"closed","ping_status":"closed","sticky":false,"template":"","format":"standard","meta":{"_acf_changed":false,"footnotes":""},"categories":[15],"tags":[],"class_list":["post-3235","post","type-post","status-publish","format-standard","has-post-thumbnail","hentry","category-publications"],"acf":[],"_links":{"self":[{"href":"https:\/\/www.cvs-avocats.com\/fr\/wp-json\/wp\/v2\/posts\/3235","targetHints":{"allow":["GET"]}}],"collection":[{"href":"https:\/\/www.cvs-avocats.com\/fr\/wp-json\/wp\/v2\/posts"}],"about":[{"href":"https:\/\/www.cvs-avocats.com\/fr\/wp-json\/wp\/v2\/types\/post"}],"author":[{"embeddable":true,"href":"https:\/\/www.cvs-avocats.com\/fr\/wp-json\/wp\/v2\/users\/18"}],"replies":[{"embeddable":true,"href":"https:\/\/www.cvs-avocats.com\/fr\/wp-json\/wp\/v2\/comments?post=3235"}],"version-history":[{"count":0,"href":"https:\/\/www.cvs-avocats.com\/fr\/wp-json\/wp\/v2\/posts\/3235\/revisions"}],"wp:featuredmedia":[{"embeddable":true,"href":"https:\/\/www.cvs-avocats.com\/fr\/wp-json\/wp\/v2\/media\/3236"}],"wp:attachment":[{"href":"https:\/\/www.cvs-avocats.com\/fr\/wp-json\/wp\/v2\/media?parent=3235"}],"wp:term":[{"taxonomy":"category","embeddable":true,"href":"https:\/\/www.cvs-avocats.com\/fr\/wp-json\/wp\/v2\/categories?post=3235"},{"taxonomy":"post_tag","embeddable":true,"href":"https:\/\/www.cvs-avocats.com\/fr\/wp-json\/wp\/v2\/tags?post=3235"}],"curies":[{"name":"wp","href":"https:\/\/api.w.org\/{rel}","templated":true}]}}