{"id":3207,"date":"2021-02-12T17:08:18","date_gmt":"2021-02-12T16:08:18","guid":{"rendered":"https:\/\/www.cvs-avocats.com\/rer-b-alstom-rentre-dans-le-rang\/"},"modified":"2025-03-03T16:49:14","modified_gmt":"2025-03-03T15:49:14","slug":"rer-b-alstom-rentre-dans-le-rang","status":"publish","type":"post","link":"https:\/\/www.cvs-avocats.com\/fr\/rer-b-alstom-rentre-dans-le-rang\/","title":{"rendered":"RER B : Alstom rentre dans le rang"},"content":{"rendered":"<div class=\"section__body\">\n<div class=\"block-strong-text\">\n<p>Fr\u00e9d\u00e9ric Marchand a donn\u00e9 son \u00e9clairage au journal Les\u00a0Echos au sujet de la position d&rsquo;Alstom avec le contrat du RER B.<\/p>\n<\/div>\n<article class=\"article-normal\">\n<div class=\"article__entry\"><\/div>\n<\/article>\n<ul class=\"list-icons\">\n<li><a href=\"https:\/\/www.lesechos.fr\/industrie-services\/tourisme-transport\/rer-b-alstom-rentre-dans-le-rang-et-ouvre-la-voie-a-un-accord-avec-la-ratp-et-la-sncf-1289605\">Retrouvez l&rsquo;article des Echos (acc\u00e8s r\u00e9serv\u00e9 aux abonn\u00e9s)<\/a><\/li>\n<\/ul>\n<\/div>\n","protected":false},"excerpt":{"rendered":"<p>Fr\u00e9d\u00e9ric Marchand a donn\u00e9 son \u00e9clairage au journal Les\u00a0Echos au sujet de la position d&rsquo;Alstom avec le contrat du RER B. Retrouvez l&rsquo;article des Echos (acc\u00e8s r\u00e9serv\u00e9 aux abonn\u00e9s)<\/p>\n","protected":false},"author":18,"featured_media":3208,"comment_status":"closed","ping_status":"closed","sticky":false,"template":"","format":"standard","meta":{"_acf_changed":false,"footnotes":""},"categories":[15],"tags":[],"class_list":["post-3207","post","type-post","status-publish","format-standard","has-post-thumbnail","hentry","category-publications"],"acf":[],"_links":{"self":[{"href":"https:\/\/www.cvs-avocats.com\/fr\/wp-json\/wp\/v2\/posts\/3207","targetHints":{"allow":["GET"]}}],"collection":[{"href":"https:\/\/www.cvs-avocats.com\/fr\/wp-json\/wp\/v2\/posts"}],"about":[{"href":"https:\/\/www.cvs-avocats.com\/fr\/wp-json\/wp\/v2\/types\/post"}],"author":[{"embeddable":true,"href":"https:\/\/www.cvs-avocats.com\/fr\/wp-json\/wp\/v2\/users\/18"}],"replies":[{"embeddable":true,"href":"https:\/\/www.cvs-avocats.com\/fr\/wp-json\/wp\/v2\/comments?post=3207"}],"version-history":[{"count":0,"href":"https:\/\/www.cvs-avocats.com\/fr\/wp-json\/wp\/v2\/posts\/3207\/revisions"}],"wp:featuredmedia":[{"embeddable":true,"href":"https:\/\/www.cvs-avocats.com\/fr\/wp-json\/wp\/v2\/media\/3208"}],"wp:attachment":[{"href":"https:\/\/www.cvs-avocats.com\/fr\/wp-json\/wp\/v2\/media?parent=3207"}],"wp:term":[{"taxonomy":"category","embeddable":true,"href":"https:\/\/www.cvs-avocats.com\/fr\/wp-json\/wp\/v2\/categories?post=3207"},{"taxonomy":"post_tag","embeddable":true,"href":"https:\/\/www.cvs-avocats.com\/fr\/wp-json\/wp\/v2\/tags?post=3207"}],"curies":[{"name":"wp","href":"https:\/\/api.w.org\/{rel}","templated":true}]}}