{"id":3187,"date":"2021-01-25T10:21:23","date_gmt":"2021-01-25T09:21:23","guid":{"rendered":"https:\/\/www.cvs-avocats.com\/nouveaux-directeurs-carnel-le-hen-richard\/"},"modified":"2025-08-22T14:56:10","modified_gmt":"2025-08-22T12:56:10","slug":"nouveaux-directeurs-carnel-le-hen-richard","status":"publish","type":"post","link":"https:\/\/www.cvs-avocats.com\/fr\/nouveaux-directeurs-carnel-le-hen-richard\/","title":{"rendered":"Arriv\u00e9e de S\u00e9bastien Carnel en Droit immobilier \u00e0 Lille et nomination de 2 avocats directeurs \u00e0 Nantes"},"content":{"rendered":"<div class=\"section__body\">\n<div class=\"block-strong-text\">\n<p><p style=\"margin-left:0cm;margin-right:0cm;text-align:justify\"><strong><em>Cornet Vincent S&eacute;gurel se renforce &agrave; Lille avec l&rsquo;arriv&eacute;e d&rsquo;un avocat directeur pour d&eacute;velopper l&rsquo;activit&eacute; Droit immobilier. Le cabinet poursuit par ailleurs sa strat&eacute;gie de promotion interne en nommant 2 avocats directeurs.<\/em><\/strong><\/p>\n<\/p><\/div>\n<article class=\"article-normal\">\n<div class=\"article__entry\">\n<p style=\"margin-left:0cm;margin-right:0cm;text-align:justify\"><strong>S&eacute;bastien Carnel <\/strong>rejoint le bureau de Lille de Cornet Vincent S&eacute;gurel en qualit&eacute; d&rsquo;avocat directeur. Il arrive accompagn&eacute; de son assistante juridique afin de renforcer l&rsquo;activit&eacute; Droit immobilier du cabinet dans les Hauts-de-France. Il interviendra principalement sur les probl&eacute;matiques de construction \/ urbanisme, en mati&egrave;re de copropri&eacute;t&eacute; et de baux tant en conseil qu&rsquo;en m&eacute;diation et contentieux. Avec l&rsquo;arriv&eacute;e de S&eacute;bastien Carnel, l&rsquo;&eacute;quipe de Lille compte d&eacute;sormais plus de 20 personnes dont 17 avocats.<\/p>\n<p style=\"margin-left:0cm;margin-right:0cm;text-align:justify\">Par ailleurs, le cabinet d&rsquo;avocats ind&eacute;pendant annonce une double promotion au sein du bureau de Nantes en qualit&eacute; d&rsquo;avocats directeurs :<\/p>\n<ul>\n<li style=\"text-align:justify\"><strong>Roxane Le Hen<\/strong> : Contentieux &ndash; Arbitrage &ndash; M&eacute;diation&nbsp;; Concurrence &ndash; Distribution &ndash; Contrats<\/li>\n<li style=\"text-align:justify\"><strong>Aur&eacute;lie Richard<\/strong> : Droit des soci&eacute;t&eacute;s &ndash; M&amp;A &ndash; Private Equity&nbsp;; Banque &ndash; Finance<\/li>\n<\/ul>\n<p style=\"margin-left:0cm;margin-right:0cm;text-align:justify\">Ces arriv&eacute;es et nominations portent le nombre d&rsquo;avocats directeurs &agrave; 28 pour l&rsquo;ensemble du cabinet.<\/p>\n<\/p><\/div>\n<\/article><\/div>\n","protected":false},"excerpt":{"rendered":"<p>Cornet Vincent S&eacute;gurel se renforce &agrave; Lille avec l&rsquo;arriv&eacute;e d&rsquo;un avocat directeur pour d&eacute;velopper l&rsquo;activit&eacute; Droit immobilier. Le cabinet poursuit par ailleurs sa strat&eacute;gie de promotion interne en nommant 2 avocats directeurs. S&eacute;bastien Carnel rejoint le bureau de Lille de Cornet Vincent S&eacute;gurel en qualit&eacute; d&rsquo;avocat directeur. Il arrive accompagn&eacute; de son assistante juridique afin [&hellip;]<\/p>\n","protected":false},"author":16,"featured_media":3188,"comment_status":"closed","ping_status":"closed","sticky":false,"template":"","format":"standard","meta":{"_acf_changed":true,"footnotes":""},"categories":[16],"tags":[],"class_list":["post-3187","post","type-post","status-publish","format-standard","has-post-thumbnail","hentry","category-communique"],"acf":[],"_links":{"self":[{"href":"https:\/\/www.cvs-avocats.com\/fr\/wp-json\/wp\/v2\/posts\/3187","targetHints":{"allow":["GET"]}}],"collection":[{"href":"https:\/\/www.cvs-avocats.com\/fr\/wp-json\/wp\/v2\/posts"}],"about":[{"href":"https:\/\/www.cvs-avocats.com\/fr\/wp-json\/wp\/v2\/types\/post"}],"author":[{"embeddable":true,"href":"https:\/\/www.cvs-avocats.com\/fr\/wp-json\/wp\/v2\/users\/16"}],"replies":[{"embeddable":true,"href":"https:\/\/www.cvs-avocats.com\/fr\/wp-json\/wp\/v2\/comments?post=3187"}],"version-history":[{"count":0,"href":"https:\/\/www.cvs-avocats.com\/fr\/wp-json\/wp\/v2\/posts\/3187\/revisions"}],"wp:featuredmedia":[{"embeddable":true,"href":"https:\/\/www.cvs-avocats.com\/fr\/wp-json\/wp\/v2\/media\/3188"}],"wp:attachment":[{"href":"https:\/\/www.cvs-avocats.com\/fr\/wp-json\/wp\/v2\/media?parent=3187"}],"wp:term":[{"taxonomy":"category","embeddable":true,"href":"https:\/\/www.cvs-avocats.com\/fr\/wp-json\/wp\/v2\/categories?post=3187"},{"taxonomy":"post_tag","embeddable":true,"href":"https:\/\/www.cvs-avocats.com\/fr\/wp-json\/wp\/v2\/tags?post=3187"}],"curies":[{"name":"wp","href":"https:\/\/api.w.org\/{rel}","templated":true}]}}