{"id":3138,"date":"2020-10-22T12:17:35","date_gmt":"2020-10-22T10:17:35","guid":{"rendered":"https:\/\/www.cvs-avocats.com\/kersia-ik-ardian\/"},"modified":"2020-10-22T12:17:35","modified_gmt":"2020-10-22T10:17:35","slug":"kersia-ik-ardian","status":"publish","type":"post","link":"https:\/\/www.cvs-avocats.com\/fr\/kersia-ik-ardian\/","title":{"rendered":"Aux c\u00f4t\u00e9s des dirigeants de Kersia  lors du rachat du groupe par IK Investment Partners aupr\u00e8s d\u2019Ardian"},"content":{"rendered":"<div class=\"section__body\">\n<div class=\"block-strong-text\">\n<p><p>Le groupe Kersia est un leader mondial en mati&egrave;re de bios&eacute;curit&eacute; et de s&ucirc;ret&eacute; alimentaire. Cr&eacute;&eacute;e en 2016, le groupe a depuis tripl&eacute; de taille. Avec un chiffre d&rsquo;affaires de plus de 300 millions d&rsquo;euro, Kersia op&egrave;re dans plus de 120 pays et emploie plus de 1500 personnes.&nbsp;<\/p>\n<\/p><\/div>\n<article class=\"article-normal\">\n<div class=\"article__entry\">\n<p>Ardian &eacute;tait actionnaire majoritaire du groupe depuis sa cr&eacute;ation et avait notamment vu se concr&eacute;tiser deux acquisitions majeures au Royaume-Uni : celle de Kilco, en juillet 2018, et d&rsquo;Holchem en mai 2020. Le fonds d&rsquo;investissement vient d&rsquo;entrer en n&eacute;gociation exclusive avec IK Investment Partners pour la cession de sa participation dans le groupe.&nbsp;<\/p>\n<p>La transaction reste encore sujette &agrave; approbation par les autorit&eacute;s de la concurrence et aux proc&eacute;dures de consultation et d&rsquo;information des instances repr&eacute;sentatives du personnel selon les lois applicables.&nbsp;<\/p>\n<p>Dans cette op&eacute;ration, les dirigeants de Kersia ont &eacute;t&eacute; accompagn&eacute; par Cornet Vincent S&eacute;gurel (Pierre Lamidon, associ&eacute;).&nbsp;<\/p>\n<p>\n<u><strong>Intervenants<\/strong><\/u><\/p>\n<p><strong>Conseil juridique du management :<\/strong> Claris Avocats (Me Marie-Isabelle Levesque), Cornet Vincent Segurel (Me Pierre Lamidon)<\/p>\n<p><strong>Conseil financier du management :<\/strong> ManageMens (Guillaume Darbon)<\/p>\n<p>\n<strong>IK Investment Partners (acqu&eacute;reur) :<\/strong> Dan Soudry, R&eacute;mi Buttiaux, Vincent Elriz, Guillaume Veber, Mathieu Carton<\/p>\n<p><strong>Conseil financier de l&rsquo;acqu&eacute;reur : <\/strong>Amala Partners (Jean-Baptiste Marchand), Natixis Partners (Ludovic Tron, Thomas Laroque, Bertrand Duquesne)<\/p>\n<p><strong>Conseil juridique de l&rsquo;acqu&eacute;reur : <\/strong>Willkie Farr &amp; Gallagher (Eduardo Fernandez, Gr&eacute;gory de Saxc&eacute;)<\/p>\n<p><strong>Audit strat&eacute;gique pour l&rsquo;acqu&eacute;reur :<\/strong> Bain &amp; Company (Daphne Vattier)<\/p>\n<p><strong>Audit finance pour l&rsquo;acqu&eacute;reur : <\/strong>Eight Advisory (Pascal Raidron, Katia Wagner, Fran&ccedil;ois Gallizia)<\/p>\n<p><strong>Audit juridique, fiscal et social pour l&rsquo;acqu&eacute;reur :<\/strong> KPMG (Florence Olivier, Albane Eglinger, Xavier Houard)<\/p>\n<p>\n<strong>Ardian (vendeur) : <\/strong>Thibault Basquin, Nicolas Darnaud, Alexis Manet, Alexandre Vannelle, Jean-Baptiste Hunaut<\/p>\n<p><strong>Conseil financier du vendeur : <\/strong>Evercore (Tom Massey, Greg-Henri Bize, Paul-Emmanuel Prunet, Maximilian Rempel), Sycomore Corporate Finance (Fran&ccedil;ois Vigne, Tristan Dupont, Aur&eacute;lien Singer, Quentin de Fr&eacute;minville)<\/p>\n<p><strong>Conseil juridique du vendeur : <\/strong>Latham &amp; Watkins (Ga&euml;tan Gianasso, Timoth&eacute;e Brunello, Aymeric Fradin, Fran&ccedil;ois Blanchet)<\/p>\n<p><strong>Audit strat&eacute;gique pour le vendeur : <\/strong>Bain &amp; Company (J&eacute;r&ocirc;me Brunet, Andrea Gondekova, Ghofrane Maaroufi)<\/p>\n<p><strong>Audit financier pour le vendeur : <\/strong>Accuracy (Fr&eacute;d&eacute;ric Loeper, Florent Lachenaud, Thomas Brandt)<\/p>\n<p><strong>Audit juridique pour le vendeur :<\/strong> Latham &amp; Watkins (Ga&euml;tan Gianasso, Timoth&eacute;e Brunello, Aymeric Fradin, Fran&ccedil;ois Blanchet)<\/p>\n<p><strong>Audit fiscal pour le vendeur :<\/strong> Arsene Taxand (Mirouna Verban, Ludovic Genet)<\/p>\n<p><strong>Audit environnemental :<\/strong> Aecom (ChinChin Lim)<\/p>\n<p><strong>Audit assurance :<\/strong> Marsh (Jean-Marie Dargaignaratz)<\/p>\n<p><strong>Audit ESG :<\/strong> Indefi (Emmanuel Parmentier, Maxence Lavolle)<\/p>\n<\/p><\/div>\n<\/article><\/div>\n","protected":false},"excerpt":{"rendered":"<p>Le groupe Kersia est un leader mondial en mati&egrave;re de bios&eacute;curit&eacute; et de s&ucirc;ret&eacute; alimentaire. Cr&eacute;&eacute;e en 2016, le groupe a depuis tripl&eacute; de taille. Avec un chiffre d&rsquo;affaires de plus de 300 millions d&rsquo;euro, Kersia op&egrave;re dans plus de 120 pays et emploie plus de 1500 personnes.&nbsp; Ardian &eacute;tait actionnaire majoritaire du groupe depuis [&hellip;]<\/p>\n","protected":false},"author":0,"featured_media":3139,"comment_status":"closed","ping_status":"closed","sticky":false,"template":"","format":"standard","meta":{"_acf_changed":false,"footnotes":""},"categories":[16],"tags":[],"class_list":["post-3138","post","type-post","status-publish","format-standard","has-post-thumbnail","hentry","category-communique"],"acf":[],"_links":{"self":[{"href":"https:\/\/www.cvs-avocats.com\/fr\/wp-json\/wp\/v2\/posts\/3138","targetHints":{"allow":["GET"]}}],"collection":[{"href":"https:\/\/www.cvs-avocats.com\/fr\/wp-json\/wp\/v2\/posts"}],"about":[{"href":"https:\/\/www.cvs-avocats.com\/fr\/wp-json\/wp\/v2\/types\/post"}],"replies":[{"embeddable":true,"href":"https:\/\/www.cvs-avocats.com\/fr\/wp-json\/wp\/v2\/comments?post=3138"}],"version-history":[{"count":0,"href":"https:\/\/www.cvs-avocats.com\/fr\/wp-json\/wp\/v2\/posts\/3138\/revisions"}],"wp:featuredmedia":[{"embeddable":true,"href":"https:\/\/www.cvs-avocats.com\/fr\/wp-json\/wp\/v2\/media\/3139"}],"wp:attachment":[{"href":"https:\/\/www.cvs-avocats.com\/fr\/wp-json\/wp\/v2\/media?parent=3138"}],"wp:term":[{"taxonomy":"category","embeddable":true,"href":"https:\/\/www.cvs-avocats.com\/fr\/wp-json\/wp\/v2\/categories?post=3138"},{"taxonomy":"post_tag","embeddable":true,"href":"https:\/\/www.cvs-avocats.com\/fr\/wp-json\/wp\/v2\/tags?post=3138"}],"curies":[{"name":"wp","href":"https:\/\/api.w.org\/{rel}","templated":true}]}}