{"id":2936,"date":"2020-04-01T21:18:23","date_gmt":"2020-04-01T19:18:23","guid":{"rendered":"https:\/\/www.cvs-avocats.com\/etat-urgence-sanitaire-finances-publiques-locales\/"},"modified":"2020-04-01T21:18:23","modified_gmt":"2020-04-01T19:18:23","slug":"etat-urgence-sanitaire-finances-publiques-locales","status":"publish","type":"post","link":"https:\/\/www.cvs-avocats.com\/fr\/etat-urgence-sanitaire-finances-publiques-locales\/","title":{"rendered":"Etat d&rsquo;urgence sanitaire et finances publiques locales"},"content":{"rendered":"<div class=\"section__body\">\n<div class=\"block-strong-text\">\n<p><p style=\"margin-left:0cm;margin-right:0cm;text-align:justify\">Afin d&rsquo;assurer la continuit&eacute; du fonctionnement des collectivit&eacute;s locales et de leurs &eacute;tablissements publics en mati&egrave;re budg&eacute;taire et financi&egrave;re, la loi n&deg; 2020-290 du 23 mars 2020 <em>d&#039;urgence pour faire face &agrave; l&#039;&eacute;pid&eacute;mie de covid-19<\/em> a habilit&eacute; le Gouvernement &agrave; adopter par ordonnance des mesures d&eacute;rogatoires.<\/p>\n<\/p><\/div>\n<article class=\"article-normal\">\n<div class=\"article__entry\">\n<p style=\"margin-left:0cm;margin-right:0cm;text-align:justify\">Deux ordonnances int&eacute;ressant les collectivit&eacute;s territoriales et leurs &eacute;tablissements publics ont ainsi &eacute;t&eacute; publi&eacute;es le 25 mars 2020&nbsp;:<\/p>\n<ul>\n<li style=\"text-align: justify\">L&rsquo;ordonnance n&deg; 2020-330 du 25 mars 2020 <em>relative aux mesures de continuit&eacute; budg&eacute;taire, financi&egrave;re et fiscale des collectivit&eacute;s territoriales et des &eacute;tablissements publics locaux afin de faire face aux cons&eacute;quences de l&#039;&eacute;pid&eacute;mie de covid-19<\/em>,<\/li>\n<li style=\"text-align: justify\">L&rsquo;ordonnance n&deg; 2020-326 du 25 mars 2020 <em>relative &agrave; la responsabilit&eacute; personnelle et p&eacute;cuniaire des comptables publics<\/em>.<\/li>\n<\/ul>\n<p style=\"margin-left:0cm;margin-right:0cm;text-align:justify\">La premi&egrave;re de ces deux ordonnances int&eacute;resse plus particuli&egrave;rement les collectivit&eacute;s locales, en pr&eacute;cisant les r&egrave;gles applicables &agrave; l&rsquo;adoption et &agrave; l&rsquo;ex&eacute;cution des budgets locaux durant la p&eacute;riode d&rsquo;&eacute;tat d&rsquo;urgence sanitaire.<\/p>\n<p style=\"margin-left:0cm;margin-right:0cm;text-align:justify\">Ces deux ordonnances pr&eacute;c&egrave;dent une ordonnance qui devrait &ecirc;tre prochainement adopt&eacute;e, visant &agrave; assurer la continuit&eacute; du fonctionnement des institutions locales et l&#039;exercice des comp&eacute;tences.<\/p>\n<\/p><\/div>\n<\/article>\n<article class=\"article-normal\">\n<div class=\"article__head\">\n<h2 class=\"article__title\">\n                    Faciliter l\u2019octroi des aides aux entreprises<br \/>\n                <\/h2>\n<\/p><\/div>\n<div class=\"article__entry\">\n<p style=\"margin-left:0cm;margin-right:0cm;text-align:justify\">L&rsquo;article L. 1511-2 du CGCT r&eacute;serve en principe au conseil r&eacute;gional la comp&eacute;tence pour d&eacute;finir les r&eacute;gimes d&rsquo;aides et d&eacute;cider de leur octroi aux entreprises.<\/p>\n<p style=\"margin-left:0cm;margin-right:0cm;text-align:justify\">L&rsquo;article 1<sup>er<\/sup> de l&rsquo;ordonnance &deg; 2020-330 du 25 mars 2020 <em>relative aux mesures de continuit&eacute; budg&eacute;taire, financi&egrave;re et fiscale des collectivit&eacute;s territoriales et des &eacute;tablissements publics locaux afin de faire face aux cons&eacute;quences de l&#039;&eacute;pid&eacute;mie de covid-19 <\/em>conf&egrave;re provisoirement au pr&eacute;sident de la r&eacute;gion la comp&eacute;tence pour prendre toute d&eacute;cision d&#039;octroi des aides relevant d&#039;un r&eacute;gime d&#039;aides pr&eacute;alablement d&eacute;fini par le conseil r&eacute;gional, dans la limite de 100 000 euros par aide octroy&eacute;e.<\/p>\n<p style=\"margin-left:0cm;margin-right:0cm;text-align:justify\">Cette comp&eacute;tence lui est conf&eacute;r&eacute;e sous r&eacute;serve qu&rsquo;une d&eacute;lib&eacute;ration du conseil r&eacute;gional ne s&rsquo;y oppose pas.<\/p>\n<p style=\"margin-left:0cm;margin-right:0cm;text-align:justify\">Le pr&eacute;sident de la r&eacute;gion devra classiquement rendre compte des d&eacute;cisions adopt&eacute;es dans le cadre de cette disposition, et en informer par tous moyens la commission permanente.<\/p>\n<p style=\"margin-left:0cm;margin-right:0cm;text-align:justify\">Une telle disposition vient ainsi faciliter le versement d&rsquo;aides destin&eacute;es &agrave; soutenir le tissu &eacute;conomique r&eacute;gional en p&eacute;riode de crise sanitaire.<\/p>\n<p style=\"margin-left:0cm;margin-right:0cm;text-align:justify\">L&rsquo;article 2 de cette m&ecirc;me ordonnance habilite, d&rsquo;autre part, les ex&eacute;cutifs locaux &agrave; signer avec l&rsquo;Etat la convention <em>relative au fonds de solidarit&eacute; &agrave; destination des entreprises particuli&egrave;rement touch&eacute;es par les cons&eacute;quences &eacute;conomiques financi&egrave;res et sociales de la propagation de l&rsquo;&eacute;pid&eacute;mie de Covid 19<\/em>, pr&eacute;vue par l&rsquo;ordonnance n&deg; 2020-317 du 25 mars 2020.<\/p>\n<p style=\"margin-left:0cm;margin-right:0cm;text-align:justify\">Cette disposition vient, l&agrave; aussi, &eacute;viter que l&rsquo;impossibilit&eacute; de r&eacute;unir les assembl&eacute;es d&eacute;lib&eacute;rantes pour autoriser l&rsquo;ex&eacute;cutif &agrave; conclure ce type de convention ne vienne paralyser le versement d&rsquo;aides aux entreprises.<\/p>\n<\/p><\/div>\n<\/article>\n<article class=\"article-normal\">\n<div class=\"article__head\">\n<h2 class=\"article__title\">\n                    Reporter les d\u00e9lais applicables \u00e0 l\u2019adoption des budgets locaux<br \/>\n                <\/h2>\n<\/p><\/div>\n<div class=\"article__entry\">\n<p style=\"margin-left:0cm;margin-right:0cm;text-align:justify\">Les articles 3 et 4 de l&rsquo;ordonnance n&deg; 2020-330 du 25 mars 2020 <em>relative aux mesures de continuit&eacute; budg&eacute;taire, financi&egrave;re et fiscale des collectivit&eacute;s territoriales et des &eacute;tablissements publics locaux afin de faire face aux cons&eacute;quences de l&#039;&eacute;pid&eacute;mie de covid-19<\/em> viennent ensuite tenir compte de l&rsquo;impossibilit&eacute; mat&eacute;rielle &agrave; laquelle doivent faire face les collectivit&eacute;s pour adopter leurs budgets locaux, du fait de l&rsquo;absence de tenue d&rsquo;un second tour des &eacute;lections municipales et de l&rsquo;impossibilit&eacute; de r&eacute;unir les assembl&eacute;es d&eacute;lib&eacute;rantes.<\/p>\n<p style=\"margin-left:0cm;margin-right:0cm;text-align:justify\">Plusieurs &eacute;ch&eacute;ances budg&eacute;taires sont ainsi report&eacute;es&nbsp;:<\/p>\n<ul>\n<li style=\"text-align:justify\">La date limite d&#039;adoption des budgets primitifs est ainsi report&eacute;e au 31 juillet 2020 (<em>au lieu du 15 ou du 30 avril 2020<\/em>),<\/li>\n<li style=\"text-align:justify\">La date d&rsquo;adoption du compte administratif 2019 est &eacute;galement report&eacute;e au 31 juillet 2020 (<em>au lieu du 30 juin 2020<\/em>),<\/li>\n<li style=\"text-align:justify\">La date de transmission du compte de gestion aux organes d&eacute;lib&eacute;rants est report&eacute;e au 1er juillet 2020.<\/li>\n<\/ul>\n<p style=\"margin-left:0cm;margin-right:0cm;text-align:justify\">Parall&egrave;lement, les r&egrave;gles relatives &agrave; l&rsquo;information budg&eacute;taire des &eacute;lus locaux, &agrave; savoir les d&eacute;lais aff&eacute;rents &agrave; la pr&eacute;sentation du rapport d&rsquo;orientation budg&eacute;taire (ROB) et &agrave; la tenue du d&eacute;bat d&rsquo;orientation budg&eacute;taire (DOB) sont logiquement suspendus et pourront intervenir lors de la s&eacute;ance consacr&eacute;e &agrave; l&rsquo;adoption du budget primitif.<\/p>\n<\/p><\/div>\n<\/article>\n<article class=\"article-normal\">\n<div class=\"article__head\">\n<h2 class=\"article__title\">\n                    Un report des d\u00e9lais applicables \u00e0 la fixation des taux d\u2019imposition et des tarifs des services publics locaux<br \/>\n                <\/h2>\n<\/p><\/div>\n<div class=\"article__entry\">\n<p style=\"margin-left:0cm;margin-right:0cm;text-align:justify\">L&rsquo;ordonnance n&deg; 2020-330 du 25 mars 2020 <em>relative aux mesures de continuit&eacute; budg&eacute;taire, financi&egrave;re et fiscale des collectivit&eacute;s territoriales et des &eacute;tablissements publics locaux afin de faire face aux cons&eacute;quences de l&#039;&eacute;pid&eacute;mie de covid-19<\/em>, reporte &eacute;galement les d&eacute;lais applicables &agrave; l&rsquo;adoption des diff&eacute;rents taux des imp&ocirc;ts locaux ainsi que des divers tarifs et redevances li&eacute;s aux services publics locaux.<\/p>\n<p style=\"margin-left:0cm;margin-right:0cm;text-align:justify\">En mati&egrave;re de fiscalit&eacute; locale, le vote des imp&ocirc;ts locaux est report&eacute; au 3 juillet 2020 s&rsquo;agissant de la taxe fonci&egrave;re, de la CFE, de la TEOM, de la taxe GEMAPI, etc.<\/p>\n<p style=\"margin-left:0cm;margin-right:0cm;text-align:justify\">En l&rsquo;absence de d&eacute;lib&eacute;ration, les taux et les tarifs de ces impositions locales seront prorog&eacute;s dans les taux et les montants pr&eacute;c&eacute;demment applicables.<\/p>\n<p style=\"margin-left:0cm;margin-right:0cm;text-align:justify\">La date d&rsquo;adoption du coefficient de la taxe locale sur la consommation finale d&rsquo;&eacute;lectricit&eacute; (TCFE) et de la fixation des tarifs de la taxe locale sur la publicit&eacute; ext&eacute;rieure (TLPE) est report&eacute;e du 1<sup>er<\/sup> juillet 2020 au 1<sup>er <\/sup>octobre 2020.<\/p>\n<p style=\"margin-left:0cm;margin-right:0cm;text-align:justify\">La date d&rsquo;institution de la redevance d&rsquo;enl&egrave;vement des ordures m&eacute;nag&egrave;res (REOM) par les syndicats mixtes comp&eacute;tents est report&eacute;e du 1er juillet 2020 au 1<sup>er<\/sup> septembre 2020.<\/p>\n<p style=\"margin-left:0cm;margin-right:0cm;text-align:justify\">S&rsquo;agissant des droits d&rsquo;enregistrement et de la taxe de publicit&eacute; fonci&egrave;re (DMTO), le taux adopt&eacute; par les d&eacute;partements avant le 3 juillet 2020 entrera en vigueur le 1<sup>er<\/sup> septembre 2020 au lieu du 1<sup>er<\/sup> juin 2020.<\/p>\n<\/p><\/div>\n<\/article>\n<article class=\"article-normal\">\n<div class=\"article__head\">\n<h2 class=\"article__title\">\n                    Une souplesse accrue dans l\u2019ex\u00e9cution financi\u00e8re<br \/>\n                <\/h2>\n<\/p><\/div>\n<div class=\"article__entry\">\n<p style=\"margin-left:0cm;margin-right:0cm;text-align:justify\">Malgr&eacute; l&rsquo;absence de vote du budget, l&rsquo;ordonnance n&deg; 2020-330 du 25 mars 2020 <em>relative aux mesures de continuit&eacute; budg&eacute;taire, financi&egrave;re et fiscale des collectivit&eacute;s territoriales et des &eacute;tablissements publics locaux afin de faire face aux cons&eacute;quences de l&#039;&eacute;pid&eacute;mie de covid-19<\/em>, permet aux collectivit&eacute;s territoriales et &agrave; leurs groupements de continuer &agrave; engager, liquider et mandater les d&eacute;penses d&rsquo;investissement, dans la limite des d&eacute;penses inscrites dans le budget pr&eacute;c&eacute;dent.<\/p>\n<p style=\"margin-left:0cm;margin-right:0cm;text-align:justify\">S&rsquo;agissant des d&eacute;penses de fonctionnement, l&rsquo;article L. 1612-1 du CGCT permet d&rsquo;ores et d&eacute;j&agrave; &agrave; l&rsquo;ex&eacute;cutif local d&rsquo;ex&eacute;cuter ces d&eacute;penses dans la limite de celles inscrites au budget de l&rsquo;ann&eacute;e pr&eacute;c&eacute;dente.<\/p>\n<p style=\"margin-left:0cm;margin-right:0cm;text-align:justify\">Est &eacute;galement ouverte la possibilit&eacute; pour les ex&eacute;cutifs locaux, de proc&eacute;der &agrave; des virements de chapitre &agrave; chapitre dans la limite de 15 % du montant des d&eacute;penses r&eacute;elles de chaque section, &agrave; l&#039;exclusion toutefois des cr&eacute;dits relatifs aux d&eacute;penses de personnel.<\/p>\n<p style=\"margin-left:0cm;margin-right:0cm;text-align:justify\">S&rsquo;agissant des d&eacute;penses impr&eacute;vues, le plafond de celles-ci est port&eacute; &agrave; 15 % des d&eacute;penses pr&eacute;visionnelles de chaque section (contre 7,5 %) et ces d&eacute;penses, en section d&#039;investissement, pourront &ecirc;tre financ&eacute;es par l&#039;emprunt.<\/p>\n<\/p><\/div>\n<\/article>\n<article class=\"article-normal\">\n<div class=\"article__head\">\n<h2 class=\"article__title\">\n                    Faciliter le recours \u00e0 l\u2019emprunt<br \/>\n                <\/h2>\n<\/p><\/div>\n<div class=\"article__entry\">\n<p style=\"margin-left:0cm;margin-right:0cm;text-align:justify\">L&rsquo;article 6 de l&rsquo;ordonnance n&deg; 2020-330 du 25 mars 2020 maintient la validit&eacute; des d&eacute;l&eacute;gations consenties aux ex&eacute;cutifs locaux en mati&egrave;re d&rsquo;emprunt ayant pris fin en 2020 jusqu&#039;&agrave; la premi&egrave;re r&eacute;union du conseil municipal ou de l&#039;organe d&eacute;lib&eacute;rant.<\/p>\n<p style=\"margin-left:0cm;margin-right:0cm;text-align:justify\">Il s&rsquo;agit ainsi de faciliter le recours &agrave; l&rsquo;emprunt pour financer les d&eacute;penses d&rsquo;investissement, sans devoir au pr&eacute;alable r&eacute;unir l&rsquo;assembl&eacute;e d&eacute;lib&eacute;rante pour proc&eacute;der &agrave; l&rsquo;adoption de nouvelles d&eacute;l&eacute;gations au profit de l&rsquo;ex&eacute;cutif local.<\/p>\n<\/p><\/div>\n<\/article>\n<article class=\"article-normal\">\n<div class=\"article__head\">\n<h2 class=\"article__title\">\n                    Un contr\u00f4le limit\u00e9 du comptable public<br \/>\n                <\/h2>\n<\/p><\/div>\n<div class=\"article__entry\">\n<p style=\"margin-left:0cm;margin-right:0cm;text-align:justify\">Tenant compte des capacit&eacute;s limit&eacute;es de contr&ocirc;le des d&eacute;penses publiques par les services de la Direction des finances publiques, l&rsquo;ordonnance n&deg; 2020-326 du 25 mars 2020 <em>relative &agrave; la responsabilit&eacute; personnelle et p&eacute;cuniaire des comptables publics<\/em> vient assouplir les r&egrave;gles relatives &agrave; leur responsabilit&eacute;.<\/p>\n<p style=\"margin-left:0cm;margin-right:0cm;text-align:justify\">Ainsi, cette ordonnance pr&eacute;cise que les r&egrave;gles restrictives de circulation et de confinement d&eacute;cid&eacute;es par le Gouvernement &agrave; compter du 12 mars 2020 ainsi que l&#039;&eacute;tat d&#039;urgence sanitaire d&eacute;clar&eacute; par l&#039;article 4 de la loi du 23 mars 2020, constituent, pour l&rsquo;engagement de la responsabilit&eacute; personnelle et p&eacute;cuniaire des comptables publics, une situation de force majeure.<\/p>\n<p style=\"margin-left:0cm;margin-right:0cm;text-align:justify\">Les comptables publics ne pourront ainsi voir leur responsabilit&eacute; personnelle et p&eacute;cuniaire engag&eacute;e au titre de recettes ou de d&eacute;penses prises en charge durant cette p&eacute;riode.<\/p>\n<p style=\"margin-left:0cm;margin-right:0cm;text-align:justify\">Pour ces op&eacute;rations, les d&eacute;ficits des budgets locaux qui pourraient r&eacute;sulter de cette situation de force majeure seront support&eacute;s par les budgets des collectivit&eacute;s concern&eacute;es, sans que l&rsquo;Etat ne soit tenu de les prendre en charge.<\/p>\n<\/p><\/div>\n<\/article>\n<article class=\"article-normal\">\n<div class=\"article__head\">\n<h2 class=\"article__title\">\n                    Une suspension provisoire des contrats d\u2019encadrement de l\u2019\u00e9volution des d\u00e9penses r\u00e9elles de fonctionnement<br \/>\n                <\/h2>\n<\/p><\/div>\n<div class=\"article__entry\">\n<p style=\"margin-left:0cm;margin-right:0cm;text-align:justify\">Pr&eacute;vus par l&rsquo;article 29 de la loi n&deg; 2018-32 du 22 janvier 2018 <em>de programmation des finances publiques pour les ann&eacute;es 2018 &agrave; 2022, <\/em>les contrats d&rsquo;encadrement de l&rsquo;&eacute;volution des d&eacute;penses r&eacute;elles de fonctionnement sont venus limiter &agrave; 1,2% par an l&rsquo;&eacute;volution des d&eacute;penses de fonctionnement des collectivit&eacute;s les plus importantes.<\/p>\n<p style=\"margin-left:0cm;margin-right:0cm;text-align:justify\">L&rsquo;article 12 de la loi n&deg; 2020-290 du 23 mars 2020 <em>d&#039;urgence pour faire face &agrave; l&#039;&eacute;pid&eacute;mie de covid-19<\/em> pr&eacute;cise que les mesures de reprise financi&egrave;re, qui peuvent en principe &ecirc;tre adopt&eacute;es par le Pr&eacute;fet en cas de d&eacute;passement du taux d&rsquo;&eacute;volution pr&eacute;vus dans ces contrats, ne sont pas applicables aux d&eacute;penses r&eacute;elles de fonctionnement constat&eacute;es au titre de l&#039;ann&eacute;e 2020.<\/p>\n<p style=\"margin-left:0cm;margin-right:0cm;text-align:justify\">Ainsi, afin de faciliter l&rsquo;interventionnisme &eacute;conomique local et tenir compte des difficult&eacute;s rencontr&eacute;es par les collectivit&eacute;s, l&rsquo;Etat ne sanctionnera pas celles qui m&eacute;conna&icirc;traient, pour l&rsquo;ann&eacute;e 2020, le taux d&rsquo;&eacute;volution de 1,2 % de leurs d&eacute;penses r&eacute;elles de fonctionnement pr&eacute;vu par ces contrats.<\/p>\n<\/p><\/div>\n<\/article><\/div>\n","protected":false},"excerpt":{"rendered":"<p>Afin d&rsquo;assurer la continuit&eacute; du fonctionnement des collectivit&eacute;s locales et de leurs &eacute;tablissements publics en mati&egrave;re budg&eacute;taire et financi&egrave;re, la loi n&deg; 2020-290 du 23 mars 2020 d&#039;urgence pour faire face &agrave; l&#039;&eacute;pid&eacute;mie de covid-19 a habilit&eacute; le Gouvernement &agrave; adopter par ordonnance des mesures d&eacute;rogatoires. Deux ordonnances int&eacute;ressant les collectivit&eacute;s territoriales et leurs &eacute;tablissements [&hellip;]<\/p>\n","protected":false},"author":0,"featured_media":2937,"comment_status":"closed","ping_status":"closed","sticky":false,"template":"","format":"standard","meta":{"_acf_changed":false,"footnotes":""},"categories":[15],"tags":[],"class_list":["post-2936","post","type-post","status-publish","format-standard","has-post-thumbnail","hentry","category-publications"],"acf":[],"_links":{"self":[{"href":"https:\/\/www.cvs-avocats.com\/fr\/wp-json\/wp\/v2\/posts\/2936","targetHints":{"allow":["GET"]}}],"collection":[{"href":"https:\/\/www.cvs-avocats.com\/fr\/wp-json\/wp\/v2\/posts"}],"about":[{"href":"https:\/\/www.cvs-avocats.com\/fr\/wp-json\/wp\/v2\/types\/post"}],"replies":[{"embeddable":true,"href":"https:\/\/www.cvs-avocats.com\/fr\/wp-json\/wp\/v2\/comments?post=2936"}],"version-history":[{"count":0,"href":"https:\/\/www.cvs-avocats.com\/fr\/wp-json\/wp\/v2\/posts\/2936\/revisions"}],"wp:featuredmedia":[{"embeddable":true,"href":"https:\/\/www.cvs-avocats.com\/fr\/wp-json\/wp\/v2\/media\/2937"}],"wp:attachment":[{"href":"https:\/\/www.cvs-avocats.com\/fr\/wp-json\/wp\/v2\/media?parent=2936"}],"wp:term":[{"taxonomy":"category","embeddable":true,"href":"https:\/\/www.cvs-avocats.com\/fr\/wp-json\/wp\/v2\/categories?post=2936"},{"taxonomy":"post_tag","embeddable":true,"href":"https:\/\/www.cvs-avocats.com\/fr\/wp-json\/wp\/v2\/tags?post=2936"}],"curies":[{"name":"wp","href":"https:\/\/api.w.org\/{rel}","templated":true}]}}