{"id":2930,"date":"2020-03-27T08:28:07","date_gmt":"2020-03-27T07:28:07","guid":{"rendered":"https:\/\/www.cvs-avocats.com\/procedures-administratives-delais-procedures-juge-covid19\/"},"modified":"2026-02-11T14:46:27","modified_gmt":"2026-02-11T13:46:27","slug":"procedures-administratives-delais-procedures-juge-covid19","status":"publish","type":"post","link":"https:\/\/www.cvs-avocats.com\/fr\/procedures-administratives-delais-procedures-juge-covid19\/","title":{"rendered":"Proc\u00e9dure administrative : le sort des d\u00e9lais, des proc\u00e9dures et du juge en p\u00e9riode de covid-19"},"content":{"rendered":"<div class=\"section__body\">\n<div class=\"block-strong-text\">\n<p style=\"margin-left: 0cm; margin-right: 0cm; text-align: justify;\">Le Pr\u00e9sident de la R\u00e9publique a sign\u00e9, le 25 mars 2020, 25 ordonnances en vue d\u2019assurer l\u2019adaptabilit\u00e9 du pays, et notamment de ses services publics, face \u00e0 l\u2019\u00e9pid\u00e9mie de COVID-19 et la proclamation de l\u2019\u00e9tat d\u2019urgence sanitaire qu\u2019elle a impliqu\u00e9.<\/p>\n<\/div>\n<article class=\"article-normal\">\n<div class=\"article__entry\">\n<p><em>Un addendum \u00e0 cet article a \u00e9t\u00e9 publi\u00e9 \u00e0 la suite de la publication de l&rsquo;ordonnance du 15 avril 2020 :\u00a0<\/em><a href=\"https:\/\/www.cvs-avocats.com\/fr\/ordonnance-15-avril-2020-delais-procedures-juge-administratif-covid-19\/\">Nouvelles dispositions concernant les d\u00e9lais et proc\u00e9dures administratives en p\u00e9riode de covid-19<\/a><\/p>\n<\/div>\n<\/article>\n<article class=\"article-normal\">\n<div class=\"article__entry\">\n<p style=\"margin-left: 0cm; margin-right: 0cm; text-align: justify;\">Parmi ces textes publi\u00e9s aujourd\u2019hui, relevons, par ordre chronologique, l\u2019ordonnance n\u00b0 2020-305 qui porte adaptation des r\u00e8gles applicables devant les juridictions administratives, qu\u2019il s\u2019agisse de l\u2019organisation et du fonctionnement des juridictions, ou des d\u00e9lais de proc\u00e9dure et de jugement. <span style=\"color: black;\">Ces r\u00e8gles <\/span>d\u00e9rogent, du 12 mars 2020 jusqu\u2019\u00e0 la cessation de l\u2019\u00e9tat d\u2019urgence sanitaire \u2013 soit le 24 mai 2020 \u00e0 ce jour \u2013 aux r\u00e8gles l\u00e9gislatives et r\u00e9glementaires applicables aux juridictions administratives (article 2 de l\u2019ordonnance).<\/p>\n<p style=\"margin-left: 0cm; margin-right: 0cm; text-align: justify;\">Dans ce cadre encore, par une ordonnance n\u00b0 2020-306 publi\u00e9e \u00e9galement au Journal Officiel de ce matin, le Gouvernement proroge divers d\u00e9lais et adapte les proc\u00e9dures \u00e0 la situation sanitaire actuelle. Si les dispositions de cette ordonnance ne concernent pas uniquement la mati\u00e8re administrative, elles compl\u00e8tent n\u00e9anmoins en ce domaine le dispositif mis en place par l\u2019ordonnance susvis\u00e9e n\u00b0 2020-305.<\/p>\n<\/div>\n<\/article>\n<article class=\"article-normal\">\n<div class=\"article__head\">\n<h2 class=\"article__title\">La \u00ab prorogation des d\u00e9lais \u00e9chus pendant la p\u00e9riode d\u2019urgence sanitaire \u00bb et l\u2019adaptation des proc\u00e9dures en mati\u00e8re administrative : l\u2019ordonnance n\u00b0 2020-306<\/h2>\n<\/div>\n<div class=\"article__entry\">\n<p style=\"margin-left: 0cm; margin-right: 0cm; text-align: justify;\"><strong>Le Titre Ier de l\u2019ordonnance n\u00b0 2020-306 pose les grands principes de ces prorogations<\/strong>\u00a0<strong>\u2026 <\/strong><\/p>\n<ul>\n<li style=\"text-align: justify;\">En premier lieu, le Titre Ier exclut de son p\u00e9rim\u00e8tre, pour la mati\u00e8re administrative, les d\u00e9lais concernant les proc\u00e9dures d&rsquo;inscription \u00e0 une voie d&rsquo;acc\u00e8s de la fonction publique ou \u00e0 une formation dans un \u00e9tablissement d&rsquo;enseignement, et plus globalement les d\u00e9lais et mesures ayant fait l\u2019objet d\u2019autres adaptations particuli\u00e8res par la loi du 23 mars 2020.<\/li>\n<\/ul>\n<ul>\n<li style=\"text-align: justify;\">En deuxi\u00e8me lieu, l&rsquo;article 1er de cette ordonnance pr\u00e9cise quels d\u00e9lais sont concern\u00e9s par les dispositions de l&rsquo;ordonnance\u00a0: il s\u2019agit de ceux qui arrivent \u00e0 \u00e9ch\u00e9ance entre le 12 mars 2020 et l&rsquo;expiration d&rsquo;un d\u00e9lai d&rsquo;un mois \u00e0 compter de la date de cessation de l&rsquo;\u00e9tat d&rsquo;urgence sanitaire d\u00e9clar\u00e9, et le cas \u00e9ch\u00e9ant prorog\u00e9, sur le fondement des\u00a0<a href=\"https:\/\/www.legifrance.gouv.fr\/affichCodeArticle.do?cidTexte=LEGITEXT000006072665&amp;idArticle=LEGIARTI000041747476&amp;dateTexte=&amp;categorieLien=cid\">articles L. 3131-20 \u00e0 L. 3131-22 du code de la sant\u00e9 publique<\/a>. <u>A ce jour, l\u2019\u00e9tat d\u2019urgence, bien que prorogeable, arrive \u00e0 son terme le 24 mai 2020, de sorte que l\u2019ordonnance vise les d\u00e9lais qui arrivent \u00e0 \u00e9ch\u00e9ance entre le 12 mars 2020 et le 24 juin 2020<\/u>. Ainsi, n<span style=\"color: black;\">&lsquo;entrent pas dans le champ de cette mesure :<\/span>\n<ul>\n<li style=\"list-style-type: none;\"><span style=\"color: black;\">D\u2019une part les d\u00e9lais dont le terme est \u00e9chu avant le 12 mars 2020\u00a0; <\/span><\/li>\n<li style=\"list-style-type: none;\"><span style=\"color: black;\">D\u2019autre part, les d\u00e9lais dont le terme intervient au-del\u00e0 du mois suivant la date de la cessation de l&rsquo;\u00e9tat d&rsquo;urgence sanitaire : ces d\u00e9lais ne sont alors ni suspendus, ni prorog\u00e9s.<\/span><\/li>\n<\/ul>\n<\/li>\n<li style=\"text-align: justify;\"><span style=\"color: black;\">En troisi\u00e8me lieu, l&rsquo;article 2 explicite le m\u00e9canisme de report de terme et d&rsquo;\u00e9ch\u00e9ance : les d\u00e9lais sont prorog\u00e9s \u00e0 compter de la fin de la p\u00e9riode initiale, pour la dur\u00e9e qui \u00e9tait l\u00e9galement impartie, mais dans la limite de deux mois (v. \u00e9galement l\u2019article 3).\u00a0<\/span><\/li>\n<\/ul>\n<p style=\"margin-left: 40px; text-align: justify;\"><span style=\"color: black;\">Comme l\u2019indique le rapport au Pr\u00e9sident de la R\u00e9publique sur cette ordonnance, \u00a0\u00ab\u00a0<em>celle-ci ne pr\u00e9voit pas de supprimer la r\u00e9alisation de tout acte ou formalit\u00e9 dont le terme \u00e9choit dans la p\u00e9riode vis\u00e9e ; elle permet simplement de consid\u00e9rer comme n&rsquo;\u00e9tant pas tardif l&rsquo;acte r\u00e9alis\u00e9 dans le d\u00e9lai suppl\u00e9mentaire imparti<\/em>.<\/span><\/p>\n<p style=\"margin-left: 40px; text-align: justify;\"><span style=\"color: black;\"><em>La pr\u00e9cision selon laquelle sont concern\u00e9s par les dispositions de cet article les actes \u00ab prescrits par la loi ou le r\u00e8glement \u00bb exclut les actes pr\u00e9vus par des stipulations contractuelles. Le paiement des obligations contractuelles doit toujours avoir lieu \u00e0 la date pr\u00e9vue par le contrat. <\/em>(\u2026)<em> Les dispositions de droit commun restent applicables le cas \u00e9ch\u00e9ant<\/em>\u00a0\u00bb. <\/span><\/p>\n<p style=\"margin-left: 40px; text-align: justify;\"><span style=\"color: black;\">De mani\u00e8re incidente, relevons qu\u2019en mati\u00e8re contractuelle une ordonnance n\u00b0 2020-319 \u00ab\u00a0<em>portant diverses mesures d&rsquo;adaptation des r\u00e8gles de passation, de proc\u00e9dure ou d&rsquo;ex\u00e9cution des contrats soumis au code de la commande publique et des contrats publics qui n&rsquo;en rel\u00e8vent pas pendant la crise sanitaire n\u00e9e de l&rsquo;\u00e9pid\u00e9mie de covid-19<\/em>\u00a0\u00bb a \u00e9t\u00e9 publi\u00e9e ce matin au Journal Officiel.<\/span><\/p>\n<ul>\n<li style=\"text-align: justify;\"><span style=\"color: black;\">En quatri\u00e8me lieu, l\u2019article 4 d\u00e9termine le sort des astreintes et des clauses contractuelles visant \u00e0 sanctionner l&rsquo;inex\u00e9cution du d\u00e9biteur quand l&rsquo;article 5 prolonge de deux mois apr\u00e8s la fin de la p\u00e9riode d\u00e9finie au I de l&rsquo;article 1er la possibilit\u00e9 de r\u00e9silier ou d\u00e9noncer une convention lorsque sa r\u00e9siliation ou l&rsquo;opposition \u00e0 son renouvellement devait avoir lieu dans une p\u00e9riode ou un d\u00e9lai qui expire durant la p\u00e9riode d\u00e9finie au I de l&rsquo;article 1er.<\/span>\u200b\u200b\u200b\u200b\u200b\u200b\u200b<\/li>\n<\/ul>\n<\/div>\n<\/article>\n<article class=\"article-normal\">\n<div class=\"article__head\">\n<h2 class=\"article__title\">\u2026 Quand le Titre II de cette ordonnance n\u00b0 2020-306 adapte les d\u00e9lais sp\u00e9cifiques \u00e0 l\u2019action administrative et ceux qu\u2019elle impose \u00e0 des tiers.<\/h2>\n<\/div>\n<div class=\"article__entry\">\n<p style=\"margin-left: 0cm; margin-right: 0cm; text-align: justify;\">Ce Titre II \u00ab\u00a0<em><span style=\"color: black;\">s&rsquo;applique aux administrations de l&rsquo;Etat, aux collectivit\u00e9s territoriales, \u00e0 leurs \u00e9tablissements publics administratifs ainsi qu&rsquo;aux organismes et personnes de droit public et de droit priv\u00e9 charg\u00e9s d&rsquo;une mission de service public administratif, y compris les organismes de s\u00e9curit\u00e9 sociale\u00a0<\/span><\/em><span style=\"color: black;\">\u00bb (article 6). <\/span><\/p>\n<p style=\"margin-left: 0cm; margin-right: 0cm; text-align: justify;\"><span style=\"color: black;\">Aux termes de cette ordonnance,<\/span><\/p>\n<ul>\n<li style=\"text-align: justify;\"><u><span style=\"color: black;\">Sont suspendus les d\u00e9lais \u00e0 l&rsquo;issue desquels une d\u00e9cision, un accord ou un avis de l&rsquo;un des organismes ou personnes mentionn\u00e9s \u00e0 l&rsquo;article 6 peut ou doit intervenir ou est acquis implicitement<\/span><\/u><span style=\"color: black;\"> et qui n&rsquo;ont pas expir\u00e9 avant le 12 mars 2020, jusqu\u2019\u00e0 l&rsquo;expiration d&rsquo;un d\u00e9lai d&rsquo;un mois \u00e0 compter de la date de cessation de l&rsquo;\u00e9tat d&rsquo;urgence sanitaire (article 7 de l\u2019ordonnance n\u00b0 2020-306). Cet article pr\u00e9cise que le point de d\u00e9part des d\u00e9lais de m\u00eame nature qui auraient d\u00fb commencer \u00e0 courir pendant cette p\u00e9riode interviendra \u00e0 l&rsquo;ach\u00e8vement de celle-ci.<\/span><span style=\"color: black;\"> Les m\u00eames r\u00e8gles s&rsquo;appliquent aux d\u00e9lais impartis aux m\u00eames organismes ou personnes pour v\u00e9rifier le caract\u00e8re complet d&rsquo;un dossier ou pour solliciter des pi\u00e8ces compl\u00e9mentaires dans le cadre de l&rsquo;instruction d&rsquo;une demande ainsi qu&rsquo;aux d\u00e9lais pr\u00e9vus pour la consultation ou la participation du public.<\/span><\/li>\n<\/ul>\n<ul>\n<li style=\"text-align: justify;\"><u><span style=\"color: black;\">Sont \u00e9galement suspendus les d\u00e9lais\u00a0impos\u00e9s par l&rsquo;administration<\/span><\/u><span style=\"color: black;\">, conform\u00e9ment \u00e0 la loi et au r\u00e8glement, \u00e0 toute personne pour r\u00e9aliser des contr\u00f4les et des travaux ou pour se conformer \u00e0 des prescriptions de toute nature, sauf lorsqu\u2019ils r\u00e9sultent d\u2019une d\u00e9cision de justice.<\/span><\/li>\n<\/ul>\n<ul>\n<li style=\"text-align: justify;\">Un d\u00e9cret pourra toutefois fixer des cat\u00e9gories d\u2019actes ne relevant pas de ce dispositif pour des motifs de s\u00e9curit\u00e9, sant\u00e9 publique etc. notamment.<\/li>\n<\/ul>\n<ul>\n<li style=\"text-align: justify;\">L\u2019article 10 est sp\u00e9cifique au domaine fiscal quand l\u2019article 11 r\u00e9git les d\u00e9lais applicables en mati\u00e8re de recouvrement et de contestation des cr\u00e9ances publiques.<\/li>\n<\/ul>\n<ul>\n<li style=\"text-align: justify;\">L\u2019article 12 adapte les modalit\u00e9s d\u2019organisation et de d\u00e9roulement des enqu\u00eates publiques.<\/li>\n<\/ul>\n<\/div>\n<\/article>\n<article class=\"article-normal\">\n<div class=\"article__head\">\n<h2 class=\"article__title\">L\u2019organisation et le fonctionnement des juridictions, les d\u00e9lais de proc\u00e9dure contentieuse et de jugement, \u00e0 l\u2019aune de l\u2019ordonnance n\u00b0 2020-305<\/h2>\n<\/div>\n<div class=\"article__entry\">\n<p style=\"margin-left: 0cm; margin-right: 0cm; text-align: justify;\"><strong><span style=\"color: black;\">La proc\u00e9dure contentieuse devant les juridictions administratives <\/span><\/strong><\/p>\n<ul>\n<li style=\"text-align: justify;\"><span style=\"color: black;\">Des magistrats ayant le grade de conseiller et une anciennet\u00e9 minimale de deux ans peuvent dor\u00e9navant prononcer des <u>ordonnances pr\u00e9vues \u00e0 l\u2019article R. 222-1 du code de justice administrative<\/u> (donner acte des d\u00e9sistements, rejet de requ\u00eate ne relevant pas de la comp\u00e9tence de la juridiction administrative etc.) (article 4).<\/span><\/li>\n<\/ul>\n<ul>\n<li style=\"text-align: justify;\"><span style=\"color: black;\">Les pi\u00e8ces, actes et avis peuvent \u00eatre communiqu\u00e9s par tout moyen (article 5).<\/span><\/li>\n<\/ul>\n<ul>\n<li style=\"text-align: justify;\"><span style=\"color: black;\">Les <u>cl\u00f4tures d\u2019instruction<\/u> dont le terme vient \u00e0 \u00e9ch\u00e9ance du 12 mars 2020 jusqu&rsquo;\u00e0 la fin de l&rsquo;\u00e9tat d&rsquo;urgence sanitaire sont prorog\u00e9es de plein droit jusqu&rsquo;\u00e0 l&rsquo;expiration d&rsquo;un d\u00e9lai d&rsquo;un mois suivant la fin de ladite p\u00e9riode, \u00e0 moins que ce terme ne soit report\u00e9 par le juge (article 16 de l\u2019ordonnance n\u00b0 2020-305). <\/span><\/li>\n<\/ul>\n<ul>\n<li style=\"text-align: justify;\"><span style=\"color: black;\">Les <u>d\u00e9lais impartis au juge pour statuer<\/u> sont report\u00e9s au premier jour du deuxi\u00e8me mois suivant la fin de l&rsquo;\u00e9tat d&rsquo;urgence sanitaire, sauf d\u00e9rogations en mati\u00e8re de droit des \u00e9trangers et de droit \u00e9lectoral, pr\u00e9cis\u00e9es \u00e9galement par cet article 17 de l\u2019ordonnance n\u00b0 2020-305. Ainsi, <\/span>s\u2019agissant des d\u00e9lais de jugement envisageables pour les contentieux \u00e9lectoraux d\u2019ores et d\u00e9j\u00e0 engag\u00e9s comme pour ceux \u00e0 venir, il est actuellement pr\u00e9vu (article 17 de l\u2019ordonnance) que le d\u00e9lai de jugement est fix\u00e9, au plus tard, au dernier jour du quatri\u00e8me mois suivant le second tour des \u00e9lections. Sur la question des \u00e9lections v. \u00e9galement <em>infra<\/em>\u00a0: prorogation des d\u00e9lais.<\/li>\n<\/ul>\n<ul>\n<li style=\"text-align: justify;\"><span style=\"color: black;\">La minute des d\u00e9cisions peut \u00eatre sign\u00e9e par le seul pr\u00e9sident de la formation de jugement (article 12).<\/span><\/li>\n<\/ul>\n<ul>\n<li style=\"text-align: justify;\"><span style=\"color: black;\">La d\u00e9cision peut \u00eatre notifi\u00e9e \u00e0 l&rsquo;avocat de la partie qu&rsquo;il repr\u00e9sente (article 13).<\/span><\/li>\n<\/ul>\n<ul>\n<li style=\"text-align: justify;\"><span style=\"color: black;\">Une d\u00e9cision de justice peut \u00eatre rendue publique par mise \u00e0 disposition au greffe de la juridiction (article 11). <\/span><\/li>\n<\/ul>\n<\/div>\n<\/article>\n<article class=\"article-normal\">\n<div class=\"article__head\">\n<h2 class=\"article__title\">Le d\u00e9roulement de l\u2019audience<\/h2>\n<\/div>\n<div class=\"article__entry\">\n<ul>\n<li style=\"text-align: justify;\"><span style=\"color: black;\">Les magistrats peuvent statuer sans audience sur des requ\u00eates pr\u00e9sent\u00e9es en r\u00e9f\u00e9r\u00e9 (article 9) et sur les demandes de sursis \u00e0 ex\u00e9cution (article 10).<\/span><\/li>\n<\/ul>\n<ul>\n<li style=\"text-align: justify;\"><span style=\"color: black;\">Les magistrats peuvent tenir des audiences \u00e0 huis clos ou en public restreint (article 6)\u00a0; ces audiences peuvent \u00e9galement \u00eatre tenues en usant de moyen de communication audiovisuelle ou, en cas d&rsquo;impossibilit\u00e9, par tout moyen de communication \u00e9lectronique, y compris t\u00e9l\u00e9phonique, d\u00e8s lors que l\u2019identit\u00e9 peut \u00eatre v\u00e9rifi\u00e9e (article 7)\u00a0; les magistrats ont la possibilit\u00e9 de ne pas prononcer, lors de l&rsquo;audience, les jugements relatifs aux mesures d&rsquo;\u00e9loignement des \u00e9trangers plac\u00e9s en centre de r\u00e9tention (article 14)\u00a0; il est possible de compl\u00e9ter les formations de jugement par l&rsquo;adjonction de magistrats issus d&rsquo;autres juridictions (article 3). <\/span><\/li>\n<\/ul>\n<ul>\n<li style=\"text-align: justify;\"><span style=\"color: black;\">Dans toutes mati\u00e8res, le rapporteur public peut \u00eatre dispens\u00e9 d&rsquo;exposer des conclusions lors de l&rsquo;audience (article 8).<\/span><\/li>\n<\/ul>\n<\/div>\n<\/article>\n<article class=\"article-normal\">\n<div class=\"article__head\">\n<h2 class=\"article__title\">Les prorogations de d\u00e9lais (article 15 de l\u2019ordonnance n\u00b0 2020-305)<\/h2>\n<\/div>\n<div class=\"article__entry\">\n<p style=\"margin-left: 0cm; margin-right: 0cm; text-align: justify;\"><span style=\"color: black;\">Les dispositions pr\u00e9vues au titre Ier de l&rsquo;ordonnance n\u00b0 2020-306 \u2013 d\u00e9velopp\u00e9es <em>supra<\/em> \u2013 \u00a0trouvent \u00e0 s&rsquo;appliquer devant les juridictions de l&rsquo;ordre administratif, sauf d\u00e9rogations en mati\u00e8re de droit des \u00e9trangers et de droit \u00e9lectoral. <\/span><\/p>\n<p style=\"margin-left: 0cm; margin-right: 0cm; text-align: justify;\"><span style=\"color: black;\">Sur ce dernier point, le<\/span> II 3\u00b0 de cet article 15 pr\u00e9voit que le d\u00e9lai de recours contentieux contre les <u>op\u00e9rations \u00e9lectorales<\/u> du premier tour des \u00e9lections municipales est prorog\u00e9. Ainsi, alors que celui-ci s\u2019\u00e9teignait initialement, conform\u00e9ment aux dispositions de l\u2019article R 119 du code \u00e9lectoral, \u00e0 dix-huit heures le cinqui\u00e8me suivant l\u2019\u00e9lection, force est de constater que ce d\u00e9lai est aujourd\u2019hui consid\u00e9rablement allong\u00e9\u00a0:<\/p>\n<p style=\"margin-left: 0cm; margin-right: 0cm; text-align: justify;\">\u00ab\u00a03<em>\u00b0 Les r\u00e9clamations et les recours mentionn\u00e9es \u00e0 l&rsquo;article R. 119 du code \u00e9lectoral peuvent \u00eatre form\u00e9es contre les op\u00e9rations \u00e9lectorales du premier tour des \u00e9lections municipales organis\u00e9 le 15 mars 2020 <u>au plus tard \u00e0 dix-huit heures le cinqui\u00e8me jour qui suit la date de prise de fonction des conseillers municipaux et communautaires \u00e9lus d\u00e8s ce tour<\/u>, fix\u00e9e par d\u00e9cret au plus tard au mois de juin 2020 dans les conditions d\u00e9finies au premier alin\u00e9a du III de l&rsquo;article 19 de la loi n\u00b0 2020-290 du 23 mars 2020 susvis\u00e9e ou, par d\u00e9rogation, aux dates pr\u00e9vues au deuxi\u00e8me ou troisi\u00e8me alin\u00e9a du m\u00eame III du m\u00eame article<\/em>\u00a0\u00bb.<\/p>\n<p style=\"margin-left: 0cm; margin-right: 0cm; text-align: justify;\">Rappelons que l\u2019article 19 III de la loi n\u00b02020-290 pr\u00e9voit que\u00a0:<\/p>\n<p style=\"margin-left: 0cm; margin-right: 0cm; text-align: justify;\">\u00ab\u00a0<em>III. &#8211; Les conseillers municipaux et communautaires \u00e9lus d\u00e8s le premier tour organis\u00e9 le 15 mars 2020 entrent en fonction \u00e0 une date fix\u00e9e par d\u00e9cret au plus tard au mois de juin 2020, aussit\u00f4t que la situation sanitaire le permet au regard de l&rsquo;analyse du comit\u00e9 de scientifiques. La premi\u00e8re r\u00e9union du conseil municipal se tient de plein droit au plus t\u00f4t cinq jours et au plus tard dix jours apr\u00e8s cette entr\u00e9e en fonction<\/em>\u00a0\u00bb.<\/p>\n<p style=\"margin-left: 0cm; margin-right: 0cm; text-align: justify;\">Autrement dit, le d\u00e9lai de recours de saisine du juge \u00e9lectoral contre les r\u00e9sultats du premier tour est report\u00e9 <em>sine die<\/em>, soit cinq jours apr\u00e8s l\u2019entr\u00e9e en fonction des conseillers \u00e9lus, date qui sera connue \u00ab\u00a0<em>au plus tard au mois de juin 2020<\/em>\u00a0\u00bb.<\/p>\n<p style=\"margin-left: 0cm; margin-right: 0cm; text-align: justify;\">Certes, on pourrait s\u2019\u00e9tonner de l\u2019incertitude contentieuse et juridique que constituent de telles modalit\u00e9s de report\u00a0; pour autant, il n\u2019est pas illogique de consid\u00e9rer que les conditions de saisine du juge \u00e9lectoral ont pu \u00eatre alt\u00e9r\u00e9es du fait des bouleversements constants qui ont eu lieu \u00e0 compter du 9 mars 2020, date du premier arr\u00eat\u00e9 d\u2019interdiction des rassemblements. Peut-\u00eatre que l\u2019interrogation r\u00e9ellement pertinente est celle qui renvoie au maintien des op\u00e9rations \u00e9lectorales du 15 mars 2020.<\/p>\n<p style=\"margin-left: 0cm; margin-right: 0cm; text-align: justify;\"><span style=\"color: black;\">Au final, toutes ces mesures, nombreuses et complexes en apparence, s\u2019articulent en d\u00e9finitive autour de deux axes\u00a0:<\/span><\/p>\n<ul>\n<li style=\"text-align: justify;\"><span style=\"color: black;\">Neutraliser, sauf exceptions ou adaptations, la p\u00e9riode covid-19 en la majorant d\u2019un mois pour les d\u00e9lais\u00a0; <\/span><\/li>\n<\/ul>\n<ul>\n<li style=\"text-align: justify;\"><span style=\"color: black;\">Faciliter l\u2019activit\u00e9 des juridictions par certains moyens d\u2019action \u2013 on pense \u00e0 la communication audiovisuelle notamment \u2013 qu\u2019il pourrait \u00eatre int\u00e9ressant de maintenir dans certains cas \u00e0 l\u2019issue de la p\u00e9riode actuelle d\u2019urgence sanitaire.<\/span><\/li>\n<\/ul>\n<p style=\"text-align: justify;\"><strong>Par David Pilorge, avocat directeur, et Cl\u00e9ment Launay, avocat directeur.<\/strong><\/p>\n<\/div>\n<\/article>\n<\/div>\n","protected":false},"excerpt":{"rendered":"<p>Le Pr\u00e9sident de la R\u00e9publique a sign\u00e9, le 25 mars 2020, 25 ordonnances en vue d\u2019assurer l\u2019adaptabilit\u00e9 du pays, et notamment de ses services publics, face \u00e0 l\u2019\u00e9pid\u00e9mie de COVID-19 et la proclamation de l\u2019\u00e9tat d\u2019urgence sanitaire qu\u2019elle a impliqu\u00e9. Un addendum \u00e0 cet article a \u00e9t\u00e9 publi\u00e9 \u00e0 la suite de la publication de [&hellip;]<\/p>\n","protected":false},"author":16,"featured_media":2931,"comment_status":"closed","ping_status":"closed","sticky":false,"template":"","format":"standard","meta":{"_acf_changed":true,"footnotes":""},"categories":[15],"tags":[],"class_list":["post-2930","post","type-post","status-publish","format-standard","has-post-thumbnail","hentry","category-publications"],"acf":[],"_links":{"self":[{"href":"https:\/\/www.cvs-avocats.com\/fr\/wp-json\/wp\/v2\/posts\/2930","targetHints":{"allow":["GET"]}}],"collection":[{"href":"https:\/\/www.cvs-avocats.com\/fr\/wp-json\/wp\/v2\/posts"}],"about":[{"href":"https:\/\/www.cvs-avocats.com\/fr\/wp-json\/wp\/v2\/types\/post"}],"author":[{"embeddable":true,"href":"https:\/\/www.cvs-avocats.com\/fr\/wp-json\/wp\/v2\/users\/16"}],"replies":[{"embeddable":true,"href":"https:\/\/www.cvs-avocats.com\/fr\/wp-json\/wp\/v2\/comments?post=2930"}],"version-history":[{"count":0,"href":"https:\/\/www.cvs-avocats.com\/fr\/wp-json\/wp\/v2\/posts\/2930\/revisions"}],"wp:featuredmedia":[{"embeddable":true,"href":"https:\/\/www.cvs-avocats.com\/fr\/wp-json\/wp\/v2\/media\/2931"}],"wp:attachment":[{"href":"https:\/\/www.cvs-avocats.com\/fr\/wp-json\/wp\/v2\/media?parent=2930"}],"wp:term":[{"taxonomy":"category","embeddable":true,"href":"https:\/\/www.cvs-avocats.com\/fr\/wp-json\/wp\/v2\/categories?post=2930"},{"taxonomy":"post_tag","embeddable":true,"href":"https:\/\/www.cvs-avocats.com\/fr\/wp-json\/wp\/v2\/tags?post=2930"}],"curies":[{"name":"wp","href":"https:\/\/api.w.org\/{rel}","templated":true}]}}