{"id":2835,"date":"2020-02-19T13:10:23","date_gmt":"2020-02-19T12:10:23","guid":{"rendered":"https:\/\/www.cvs-avocats.com\/cornet-vincent-segurel-assiste-le-fondateur-et-le-dirigeant-de-formes-et-sculptures\/"},"modified":"2025-08-21T14:35:26","modified_gmt":"2025-08-21T12:35:26","slug":"cornet-vincent-segurel-assiste-le-fondateur-et-le-dirigeant-de-formes-et-sculptures","status":"publish","type":"post","link":"https:\/\/www.cvs-avocats.com\/fr\/cornet-vincent-segurel-assiste-le-fondateur-et-le-dirigeant-de-formes-et-sculptures\/","title":{"rendered":"Cornet Vincent S\u00e9gurel assiste le fondateur et le dirigeant de Formes et Sculptures dans une op\u00e9ration de LBO avec CM-CIC Investissement"},"content":{"rendered":"<div class=\"section__body\">\n<div class=\"block-strong-text\">\n<p style=\"margin-left: 0cm; margin-right: 0cm; text-align: justify;\"><span style=\"color: black;\">Acteur fran\u00e7ais reconnu de la cr\u00e9ation de mat\u00e9riel de merchandising et de PLV \u00e9ph\u00e9m\u00e8re et permanente, Formes &amp; Sculptures vient de faire entrer CM-CIC Investissement \u00e0 son capital \u00e0 hauteur de 7,3 M\u20ac. <\/span><\/p>\n<\/div>\n<article class=\"article-normal\">\n<div class=\"article__entry\">\n<p style=\"margin-left: 0cm; margin-right: 0cm; text-align: justify;\"><span style=\"color: black;\">Fond\u00e9 en 1985 par Jacques Tenenhaus et d\u00e9sormais dirig\u00e9 par son fils Mathias Tenenhaus, le groupe ind\u00e9pendant r\u00e9alise un chiffre d\u2019affaires de 35M\u20ac et emploie 150 collaborateurs. Ceux-ci sont r\u00e9partis entre le site de Bl\u00e9r\u00e9 (37), qui regroupe un bureau d&rsquo;\u00e9tudes et une usine de 18\u00a0000 m2, et celui de Paris abritant le studio de cr\u00e9ation et un avant-poste commercial. La soci\u00e9t\u00e9 s\u2019appuie sur des unit\u00e9s de de production r\u00e9partis sur 3 sites (France, Serbie, Chine). Sa pr\u00e9sence en Chine lui donne notamment un acc\u00e8s privil\u00e9gi\u00e9 au march\u00e9 asiatique. <\/span><\/p>\n<p style=\"margin-left: 0cm; margin-right: 0cm; text-align: justify;\"><span style=\"color: black;\">Les clients de Formes &amp; Sculptures sont essentiellement des acteurs de l&rsquo;industrie de la cosm\u00e9tique, de la parfumerie et du luxe. Afin de r\u00e9pondre aux attentes nouvelles du march\u00e9, la PME a par ailleurs d\u00e9velopp\u00e9 des pratiques RSE int\u00e9gr\u00e9es qui prennent en compte le cycle de vie du produit de sa conception, fabrication, installation, jusqu&rsquo;\u00e0 son recyclage.<\/span><\/p>\n<p style=\"margin-left: 0cm; margin-right: 0cm; text-align: justify;\"><span style=\"color: black;\">Gr\u00e2ce \u00e0 l\u2019entr\u00e9e au capital de CM-CIC Investissement, le groupe familial souhaite d\u2019une part acc\u00e9l\u00e9rer son d\u00e9veloppement \u00e0 l\u2019international, notamment par des op\u00e9rations de croissance externe et d\u2019autre part associer les principaux cadres afin de pr\u00e9parer l\u2019avenir. <\/span><\/p>\n<\/div>\n<\/article>\n<article class=\"article-normal\">\n<div class=\"article__head\">\n<h2 class=\"article__title\">Mathias Tenenhaus, Pr\u00e9sident de Formes &amp; Sculptures<\/h2>\n<\/div>\n<div class=\"article__entry\"><\/div>\n<\/article>\n<div class=\"testimonials-simple\">\n<div class=\"testimonials__body\">\n<div class=\"slider-testimonials-simple js-slide-counter\">\n<div class=\"swiper-container\">\n<div class=\"swiper-wrapper\">\n<div class=\"swiper-slide\">\n<div class=\"testimonial-simple\">\n<blockquote><p>\u00ab Nous souhaitons changer d&rsquo;\u00e9chelle en renfor\u00e7ant notre pr\u00e9sence internationale et \u00e9tendre notre activit\u00e9 aux march\u00e9s de l&rsquo;horlogerie-joaillerie et de la lunetterie. La Suisse et l&rsquo;Italie sont des cibles d&rsquo;implantation aupr\u00e8s des maisons du luxe, par croissance interne ou externe. L&rsquo;approche accompagnante de CM-CIC Investissement sur le long terme, son expertise, son pragmatisme et son r\u00e9seau, nous ont s\u00e9duits car ils nous fournissent des outils de r\u00e9flexion pertinents qui nous aident dans nos choix strat\u00e9giques. Nous pr\u00e9voyons de doubler le chiffre d&rsquo;affaires d&rsquo;ici 5 \u00e0 7 ans \u00bb.<\/p><\/blockquote>\n<\/div>\n<\/div>\n<\/div>\n<\/div>\n<div class=\"swiper-pagination swiper-pagination--red\"><\/div>\n<\/div>\n<\/div>\n<\/div>\n<ul class=\"list-icons\">\n<li>Formes &amp; Sculptures<\/li>\n<\/ul>\n<article class=\"article-normal\">\n<div class=\"article__head\">\n<h2 class=\"article__title\">Thierry Aubert et Romain Freismuth, Directeurs de Participations chez CM-CIC Investissement.<\/h2>\n<\/div>\n<div class=\"article__entry\"><\/div>\n<\/article>\n<div class=\"testimonials-simple\">\n<div class=\"testimonials__body\">\n<div class=\"slider-testimonials-simple js-slide-counter\">\n<div class=\"swiper-container\">\n<div class=\"swiper-wrapper\">\n<div class=\"swiper-slide\">\n<div class=\"testimonial-simple\">\n<blockquote><p>\u00ab Nous investissons 7,3 M\u20ac dans cette belle PME familiale qui a su se constituer en 30 ans, un portefeuille de 220 marques prestigieuses sur un secteur exigeant et challeng\u00e9. Nous croyons en sa capacit\u00e9 de d\u00e9veloppement, en particulier sur un march\u00e9 atomis\u00e9 propice \u00e0 des op\u00e9rations d&rsquo;acquisitions sur lesquelles nous r\u00e9pondrons pr\u00e9sents. Formes &amp; Sculptures poss\u00e8de de solides arguments : son haut niveau de qualit\u00e9, son offre full service, sa capacit\u00e9 \u00e0 r\u00e9pondre \u00e0 des appels d&rsquo;offre internationaux, la solidit\u00e9 de son business mod\u00e8le, et la bonne compl\u00e9mentarit\u00e9 de son top management qui investit significativement dans l&rsquo;op\u00e9ration. Nous pensons que ce positionnement permettra \u00e0 Formes &amp; Sculptures de poursuivre sa progression \u00e0 la fois sur ses segments de march\u00e9 historiques et sur les nouveaux secteurs vis\u00e9s \u00bb.<\/p><\/blockquote>\n<\/div>\n<\/div>\n<\/div>\n<\/div>\n<div class=\"swiper-pagination swiper-pagination--red\"><\/div>\n<\/div>\n<\/div>\n<\/div>\n<ul class=\"list-icons\">\n<li><a href=\"https:\/\/www.cmcic-investissement.com\/\">CM-CIC Investissement<\/a><\/li>\n<\/ul>\n<article class=\"article-normal\">\n<div class=\"article__head\">\n<h2 class=\"article__title\">Investisseur<\/h2>\n<\/div>\n<div class=\"article__entry\">\n<p style=\"margin-left: 0cm; margin-right: 0cm;\"><strong><span style=\"color: black;\">CM-CIC Investissement<\/span><\/strong><\/p>\n<ul>\n<li><span style=\"color: black;\">Thierry Aubert, Directeur de Participations<\/span><\/li>\n<li><span style=\"color: black;\">Romain Freismuth, Directeur de Participations<\/span><\/li>\n<\/ul>\n<p style=\"margin-left: 0cm; margin-right: 0cm;\"><strong><span style=\"color: black;\">Conseil Investisseur<\/span><\/strong><\/p>\n<ul>\n<li><span style=\"color: black;\">Conseil juridique : Piotraut Gine Avocats (Fran\u00e7ois Gin\u00e9, Suzanne de Carvalho)<\/span><\/li>\n<li><span style=\"color: black;\">Audit financier : HLP Audit (Estelle Le Bihan, Elsa Papin)<\/span><\/li>\n<li><span style=\"color: black;\">Audit fiscal : CJA Avocats (Jean Goncalves) <\/span><\/li>\n<li><span style=\"color: black;\">Audit social : Nerval Avocats (Arnaud Doumenge)<\/span><\/li>\n<li><span style=\"color: black;\">Audit IP\/Contrats : Atem (Isabelle Camus)<\/span><\/li>\n<li style=\"text-align: justify;\"><span style=\"color: black;\">Audit juridique : Piotraut Gine Avocats (Fran\u00e7ois Gin\u00e9, Suzanne de Carvalho)<\/span><\/li>\n<\/ul>\n<\/div>\n<\/article>\n<article class=\"article-normal\">\n<div class=\"article__head\">\n<h2 class=\"article__title\">Cible<\/h2>\n<\/div>\n<div class=\"article__entry\">\n<p style=\"margin-left: 0cm; margin-right: 0cm; text-align: justify;\"><strong><span style=\"color: black;\">Formes &amp; Sculptures Groupe <\/span><\/strong><\/p>\n<ul>\n<li style=\"margin-left: 0cm; margin-right: 0cm; text-align: justify;\"><span style=\"color: black;\">Mathias Tenenhaus, Pr\u00e9sident <\/span><\/li>\n<li style=\"margin-left: 0cm; margin-right: 0cm; text-align: justify;\"><span style=\"color: black;\">Jacques Tenenhaus, Fondateur<\/span><\/li>\n<\/ul>\n<p style=\"margin-left: 0cm; margin-right: 0cm; text-align: justify;\"><strong><span style=\"color: black;\">Conseils de la soci\u00e9t\u00e9<\/span><\/strong><\/p>\n<ul>\n<li style=\"margin-left: 0cm; margin-right: 0cm; text-align: justify;\"><span style=\"color: black;\">Conseil dirigeant : Pax Corporate Finance (Adrien Tourres, Enrick Gane, Cl\u00e9mence Koprowski)<\/span><\/li>\n<li style=\"margin-left: 0cm; margin-right: 0cm; text-align: justify;\"><span style=\"color: black;\">Conseil juridique : Cornet Vincent S\u00e9gurel Avocats (Emmanuel Mansillon, Sabine Hossenbaccus)<\/span><\/li>\n<li style=\"margin-left: 0cm; margin-right: 0cm; text-align: justify;\"><span style=\"color: black;\">Conseil fiscal : Rozant &amp; Cohen (Vincent Cohen) <\/span><\/li>\n<li style=\"margin-left: 0cm; margin-right: 0cm; text-align: justify;\"><span style=\"color: black;\">VDD financi\u00e8re : Od\u00e9ris (Aur\u00e9lien Vion, Nicolas Boucher, Eddy Chagu\u00e9)<\/span><\/li>\n<li style=\"margin-left: 0cm; margin-right: 0cm; text-align: justify;\"><span style=\"color: black;\">Conseil managers : NG Finance (Ghislain d&rsquo;Ouince)<\/span><\/li>\n<\/ul>\n<\/div>\n<\/article>\n<article class=\"article-normal\">\n<div class=\"article__head\">\n<h2 class=\"article__title\">Banques<\/h2>\n<\/div>\n<div class=\"article__entry\">\n<ul>\n<li style=\"margin-left: 0cm; margin-right: 0cm; text-align: justify;\"><span style=\"color: black;\">Banque CIC Ouest\/Arrangeur (Nadine Divet, Pierre-Yves Tougeron, Jean-Fran\u00e7ois Norguet, <\/span><span style=\"color: black;\">Florence Moreau)<\/span><\/li>\n<li style=\"margin-left: 0cm; margin-right: 0cm; text-align: justify;\"><span style=\"color: black;\">CIC Banque Priv\u00e9e (Jean-Marc Lemouchi, <\/span><span style=\"color: black;\">Corentin Le Breton, C\u00e9cile Munoz)<\/span><\/li>\n<li style=\"margin-left: 0cm; margin-right: 0cm; text-align: justify;\"><span style=\"color: black;\">BNP Paribas (S\u00e9gol\u00e8ne Mathis, Marianne <\/span><span style=\"color: black;\">Tchalikian, Mathieu Fauvel)<\/span><\/li>\n<li style=\"margin-left: 0cm; margin-right: 0cm; text-align: justify;\"><span style=\"color: black;\">Cr\u00e9dit du Nord (Vincent Mbock, Oriane Daviet)<\/span><\/li>\n<\/ul>\n<\/div>\n<\/article>\n<\/div>\n","protected":false},"excerpt":{"rendered":"<p>Acteur fran\u00e7ais reconnu de la cr\u00e9ation de mat\u00e9riel de merchandising et de PLV \u00e9ph\u00e9m\u00e8re et permanente, Formes &amp; Sculptures vient de faire entrer CM-CIC Investissement \u00e0 son capital \u00e0 hauteur de 7,3 M\u20ac. Fond\u00e9 en 1985 par Jacques Tenenhaus et d\u00e9sormais dirig\u00e9 par son fils Mathias Tenenhaus, le groupe ind\u00e9pendant r\u00e9alise un chiffre d\u2019affaires de [&hellip;]<\/p>\n","protected":false},"author":18,"featured_media":2836,"comment_status":"closed","ping_status":"closed","sticky":false,"template":"","format":"standard","meta":{"_acf_changed":true,"footnotes":""},"categories":[16],"tags":[],"class_list":["post-2835","post","type-post","status-publish","format-standard","has-post-thumbnail","hentry","category-communique"],"acf":[],"_links":{"self":[{"href":"https:\/\/www.cvs-avocats.com\/fr\/wp-json\/wp\/v2\/posts\/2835","targetHints":{"allow":["GET"]}}],"collection":[{"href":"https:\/\/www.cvs-avocats.com\/fr\/wp-json\/wp\/v2\/posts"}],"about":[{"href":"https:\/\/www.cvs-avocats.com\/fr\/wp-json\/wp\/v2\/types\/post"}],"author":[{"embeddable":true,"href":"https:\/\/www.cvs-avocats.com\/fr\/wp-json\/wp\/v2\/users\/18"}],"replies":[{"embeddable":true,"href":"https:\/\/www.cvs-avocats.com\/fr\/wp-json\/wp\/v2\/comments?post=2835"}],"version-history":[{"count":0,"href":"https:\/\/www.cvs-avocats.com\/fr\/wp-json\/wp\/v2\/posts\/2835\/revisions"}],"wp:featuredmedia":[{"embeddable":true,"href":"https:\/\/www.cvs-avocats.com\/fr\/wp-json\/wp\/v2\/media\/2836"}],"wp:attachment":[{"href":"https:\/\/www.cvs-avocats.com\/fr\/wp-json\/wp\/v2\/media?parent=2835"}],"wp:term":[{"taxonomy":"category","embeddable":true,"href":"https:\/\/www.cvs-avocats.com\/fr\/wp-json\/wp\/v2\/categories?post=2835"},{"taxonomy":"post_tag","embeddable":true,"href":"https:\/\/www.cvs-avocats.com\/fr\/wp-json\/wp\/v2\/tags?post=2835"}],"curies":[{"name":"wp","href":"https:\/\/api.w.org\/{rel}","templated":true}]}}