{"id":28016,"date":"2026-09-04T16:03:38","date_gmt":"2026-09-04T14:03:38","guid":{"rendered":"https:\/\/www.cvs-avocats.com\/?p=28016"},"modified":"2026-09-04T16:03:40","modified_gmt":"2026-09-04T14:03:40","slug":"rossel-projet-acquisition-groupe-sud-ouest-gso","status":"publish","type":"post","link":"https:\/\/www.cvs-avocats.com\/fr\/rossel-projet-acquisition-groupe-sud-ouest-gso\/","title":{"rendered":"Cornet Vincent S\u00e9gurel accompagne le Groupe Rossel dans son projet d&rsquo;acquisition du Groupe Sud Ouest (GSO)"},"content":{"rendered":"\n<div class=\"wp-block-group\"><div class=\"wp-block-group__inner-container is-layout-constrained wp-block-group-is-layout-constrained\">\n<p class=\"wp-block-paragraph\">Annonc\u00e9 le 3 septembre 2026, ce projet porte sur l&rsquo;acquisition par le Groupe Rossel, via sa filiale Rossel France, du contr\u00f4le du Groupe Sud Ouest (GSO). Il reste soumis \u00e0 la consultation des instances repr\u00e9sentatives du personnel concern\u00e9es et, s&rsquo;il est confirm\u00e9, sa r\u00e9alisation serait soumise aux conditions r\u00e9glementaires usuelles. La finalisation de l&rsquo;op\u00e9ration est envisag\u00e9e d&rsquo;ici la fin de l&rsquo;ann\u00e9e 2026.<\/p>\n\n\n\n<p class=\"wp-block-paragraph\">Groupe de m\u00e9dias familial et ind\u00e9pendant depuis sa fondation en 1887, d\u00e9tenu par la famille Hurbain, le Groupe Rossel a construit son d\u00e9veloppement autour de la presse et de l\u2019information locale. En France, il \u00e9dite notamment <em>La Voix du Nord<\/em>, <em>Le Courrier picard<\/em>, <em>L&rsquo;Union<\/em>, <em>Paris-Normandie<\/em> et <em>20 Minutes<\/em>, ainsi que des m\u00e9dias audiovisuels et des radios.<\/p>\n\n\n\n<p class=\"wp-block-paragraph\">De son c\u00f4t\u00e9, le Groupe Sud Ouest r\u00e9unit cinq quotidiens&nbsp;: Sud Ouest, Charente Libre, La R\u00e9publique des Pyr\u00e9n\u00e9es, Dordogne Libre et L&rsquo;\u00c9clair. S&rsquo;y ajoutent trois hebdomadaires en Gironde, le m\u00e9dia \u00e9conomique Plac\u00e9co, le magazine Terre de Vins, un p\u00f4le audiovisuel (\u00c9crans du Monde, TV7, TVPi) ainsi que les agences Eliette (communication et contenus) et C\u00f4te Ouest (\u00e9v\u00e9nementiel). Sa diversification repr\u00e9sente aujourd&rsquo;hui 30 % de son activit\u00e9, autour de l&rsquo;audiovisuel, de l&rsquo;\u00e9v\u00e9nementiel et des services de marketing et de communication.<\/p>\n\n\n\n<p class=\"wp-block-paragraph\">En cas de succ\u00e8s des n\u00e9gociations, le nouvel ensemble serait pr\u00e9sent dans le Sud-Ouest, les Hauts-de-France, la Normandie et le Nord-Est de la France, avec 3,4 millions de lecteurs papier quotidiens (ACPM) et une audience num\u00e9rique combin\u00e9e de pr\u00e8s de 230 millions de visites mensuelles. Il constituerait un acteur majeur de l\u2019information r\u00e9gionale en France.<\/p>\n\n\n\n<p class=\"wp-block-paragraph\">Une \u00e9quipe pluridisciplinaire du cabinet d&rsquo;avocats Cornet Vincent S\u00e9gurel, coordonn\u00e9e par Thomas Deschryver, avocat associ\u00e9, accompagne le Groupe Rossel sur l&rsquo;ensemble des dimensions corporate, concurrence, fiscales, sociales et IP\/IT de cette op\u00e9ration.<\/p>\n\n\n\n<p class=\"wp-block-paragraph\"><strong><u>Conseils<\/u><\/strong><\/p>\n\n\n\n<p class=\"wp-block-paragraph\"><strong>Avocats Acqu\u00e9reur : <\/strong>Cornet Vincent S\u00e9gurel<\/p>\n\n\n\n<ul class=\"wp-block-list\">\n<li>Coordination : Thomas Deschryver, M\u00e9lanie Gabreau<\/li>\n\n\n\n<li>Corporate M&amp;A : Benjamin Chevalier, Alexis Marchand, Clara Servan, Alexandra Thil, Louis Harbonnier<\/li>\n\n\n\n<li>Droit de la concurrence\u00a0: Am\u00e9lie Poulain, Julien Fraccarollo, Anne-Flore Leroy, Antoine Rauwel<\/li>\n\n\n\n<li>Droit fiscal : Nicolas Palos, Bennert Alderlieste<\/li>\n\n\n\n<li>Droit social : Caroline Henot, R\u00e9gis Debroise<\/li>\n\n\n\n<li>IP \/ IT\u00a0: J\u00e9r\u00e9mie Courtois, Charline Quenez, Constance Beyeler<\/li>\n<\/ul>\n\n\n\n<p class=\"wp-block-paragraph\"><strong>Avocats C\u00e9dants : <\/strong>Reinhart Marville Torre<\/p>\n\n\n\n<ul class=\"wp-block-list\">\n<li>Corporate M&amp;A\u00a0: Hadrien Bourrellis, Walid Bourahtouf<\/li>\n\n\n\n<li>Concurrence : Alexandre Rios<\/li>\n<\/ul>\n\n\n\n<p class=\"wp-block-paragraph\"><strong>Conseil M&amp;A C\u00e9dants : <\/strong>Evercore (Charlotte Lefort, Adrien Prothery).<\/p>\n<\/div><\/div>\n","protected":false},"excerpt":{"rendered":"<p>Actionnaire majoritaire du Groupe Sud Ouest, \u00e9diteur du quotidien du m\u00eame nom, la famille Lemo\u00eene est entr\u00e9e en n\u00e9gociations exclusives avec le Groupe Rossel en vue de c\u00e9der sa participation majoritaire. Ce rapprochement donnerait naissance \u00e0 un acteur majeur de m\u00e9dias r\u00e9gionaux en France, avec un chiffre d&rsquo;affaires cumul\u00e9 de plus de 400 millions d&rsquo;euros.<\/p>\n","protected":false},"author":16,"featured_media":28017,"comment_status":"closed","ping_status":"closed","sticky":false,"template":"","format":"standard","meta":{"_acf_changed":true,"footnotes":""},"categories":[16,18],"tags":[],"class_list":["post-28016","post","type-post","status-publish","format-standard","has-post-thumbnail","hentry","category-communique","category-news-en"],"acf":[],"_links":{"self":[{"href":"https:\/\/www.cvs-avocats.com\/fr\/wp-json\/wp\/v2\/posts\/28016","targetHints":{"allow":["GET"]}}],"collection":[{"href":"https:\/\/www.cvs-avocats.com\/fr\/wp-json\/wp\/v2\/posts"}],"about":[{"href":"https:\/\/www.cvs-avocats.com\/fr\/wp-json\/wp\/v2\/types\/post"}],"replies":[{"embeddable":true,"href":"https:\/\/www.cvs-avocats.com\/fr\/wp-json\/wp\/v2\/comments?post=28016"}],"version-history":[{"count":0,"href":"https:\/\/www.cvs-avocats.com\/fr\/wp-json\/wp\/v2\/posts\/28016\/revisions"}],"wp:featuredmedia":[{"embeddable":true,"href":"https:\/\/www.cvs-avocats.com\/fr\/wp-json\/wp\/v2\/media\/28017"}],"wp:attachment":[{"href":"https:\/\/www.cvs-avocats.com\/fr\/wp-json\/wp\/v2\/media?parent=28016"}],"wp:term":[{"taxonomy":"category","embeddable":true,"href":"https:\/\/www.cvs-avocats.com\/fr\/wp-json\/wp\/v2\/categories?post=28016"},{"taxonomy":"post_tag","embeddable":true,"href":"https:\/\/www.cvs-avocats.com\/fr\/wp-json\/wp\/v2\/tags?post=28016"}],"curies":[{"name":"wp","href":"https:\/\/api.w.org\/{rel}","templated":true}]}}