{"id":27980,"date":"2026-09-03T13:04:13","date_gmt":"2026-09-03T11:04:13","guid":{"rendered":"https:\/\/www.cvs-avocats.com\/?p=27980"},"modified":"2026-09-03T13:04:14","modified_gmt":"2026-09-03T11:04:14","slug":"loi-urgence-agricole-ce-qui-change-2026-2027","status":"publish","type":"post","link":"https:\/\/www.cvs-avocats.com\/fr\/loi-urgence-agricole-ce-qui-change-2026-2027\/","title":{"rendered":"Loi d&rsquo;urgence agricole : ce qui change pour les n\u00e9gociations commerciales 2026\/2027"},"content":{"rendered":"\n<div class=\"wp-block-group\"><div class=\"wp-block-group__inner-container is-layout-constrained wp-block-group-is-layout-constrained\">\n<p class=\"wp-block-paragraph\">La loi d\u2019urgence pour la protection et la souverainet\u00e9 agricoles, promulgu\u00e9e le 19 ao\u00fbt 2026, modifie plusieurs r\u00e8gles applicables aux n\u00e9gociations commerciales entre fournisseurs et distributeurs. Un nouveau cadre qui renforce notamment les exigences pesant sur les parties et encadre davantage leurs pratiques.<\/p>\n\n\n\n<p class=\"wp-block-paragraph\">Dans une nouvelle analyse, Luc-Marie Augagneur, avocat associ\u00e9, et Romain Hanachowicz, avocat au sein de notre bureau de Lyon, d\u00e9cryptent les principales \u00e9volutions \u00e0 retenir : nouveau calendrier des n\u00e9gociations, clause de r\u00e9vision automatique des prix, justification des demandes de baisse tarifaire, nouvelles pratiques restrictives de concurrence et prolongation du dispositif de sortie en l\u2019absence d\u2019accord.<\/p>\n\n\n\n<p class=\"wp-block-paragraph\">Retrouvez dans le document ci-dessous l\u2019analyse compl\u00e8te de ces nouvelles dispositions et leurs principales cons\u00e9quences pour les n\u00e9gociations commerciales 2026\/2027.<\/p>\n\n\n\n<div data-wp-interactive=\"core\/file\" class=\"wp-block-file aligncenter\"><object data-wp-bind--hidden=\"!state.hasPdfPreview\" hidden class=\"wp-block-file__embed\" data=\"https:\/\/www.cvs-avocats.com\/wp-content\/uploads\/2026\/09\/2026-09-03-Loi-durgence-agricole.pdf\" type=\"application\/pdf\" style=\"width:100%;height:1170px\" aria-label=\"Contenu embarqu\u00e9 2026 09 03 - Loi d&apos;urgence agricole.\"><\/object><a id=\"wp-block-file--media-49bcbc20-6720-421b-8cbc-ad760a112f3f\" href=\"https:\/\/www.cvs-avocats.com\/wp-content\/uploads\/2026\/09\/2026-09-03-Loi-durgence-agricole.pdf\">2026 09 03 &#8211; Loi d&rsquo;urgence agricole<\/a><a href=\"https:\/\/www.cvs-avocats.com\/wp-content\/uploads\/2026\/09\/2026-09-03-Loi-durgence-agricole.pdf\" class=\"wp-block-file__button wp-element-button\" download aria-describedby=\"wp-block-file--media-49bcbc20-6720-421b-8cbc-ad760a112f3f\">T\u00e9l\u00e9charger<\/a><\/div>\n<\/div><\/div>\n","protected":false},"excerpt":{"rendered":"<p>La loi d\u2019urgence pour la protection et la souverainet\u00e9 agricoles fait \u00e9voluer le cadre des n\u00e9gociations commerciales entre fournisseurs et distributeurs. Luc-Marie Augagneur, avocat associ\u00e9, et Romain Hanachowicz, avocat, d\u00e9cryptent les principales mesures et leurs cons\u00e9quences pour les n\u00e9gociations commerciales 2026\/2027.<\/p>\n","protected":false},"author":16,"featured_media":27988,"comment_status":"closed","ping_status":"closed","sticky":false,"template":"","format":"standard","meta":{"_acf_changed":true,"footnotes":""},"categories":[15],"tags":[],"class_list":["post-27980","post","type-post","status-publish","format-standard","has-post-thumbnail","hentry","category-publications"],"acf":[],"_links":{"self":[{"href":"https:\/\/www.cvs-avocats.com\/fr\/wp-json\/wp\/v2\/posts\/27980","targetHints":{"allow":["GET"]}}],"collection":[{"href":"https:\/\/www.cvs-avocats.com\/fr\/wp-json\/wp\/v2\/posts"}],"about":[{"href":"https:\/\/www.cvs-avocats.com\/fr\/wp-json\/wp\/v2\/types\/post"}],"replies":[{"embeddable":true,"href":"https:\/\/www.cvs-avocats.com\/fr\/wp-json\/wp\/v2\/comments?post=27980"}],"version-history":[{"count":0,"href":"https:\/\/www.cvs-avocats.com\/fr\/wp-json\/wp\/v2\/posts\/27980\/revisions"}],"wp:featuredmedia":[{"embeddable":true,"href":"https:\/\/www.cvs-avocats.com\/fr\/wp-json\/wp\/v2\/media\/27988"}],"wp:attachment":[{"href":"https:\/\/www.cvs-avocats.com\/fr\/wp-json\/wp\/v2\/media?parent=27980"}],"wp:term":[{"taxonomy":"category","embeddable":true,"href":"https:\/\/www.cvs-avocats.com\/fr\/wp-json\/wp\/v2\/categories?post=27980"},{"taxonomy":"post_tag","embeddable":true,"href":"https:\/\/www.cvs-avocats.com\/fr\/wp-json\/wp\/v2\/tags?post=27980"}],"curies":[{"name":"wp","href":"https:\/\/api.w.org\/{rel}","templated":true}]}}