{"id":2731,"date":"2020-01-13T12:47:22","date_gmt":"2020-01-13T11:47:22","guid":{"rendered":"https:\/\/www.cvs-avocats.com\/cornet-vincent-segurel-conseille-les-banques-dans-le-cadre-de-la-reprise-de-nowak-par-son-management\/"},"modified":"2020-01-13T12:47:22","modified_gmt":"2020-01-13T11:47:22","slug":"cornet-vincent-segurel-conseille-les-banques-dans-le-cadre-de-la-reprise-de-nowak-par-son-management","status":"publish","type":"post","link":"https:\/\/www.cvs-avocats.com\/fr\/cornet-vincent-segurel-conseille-les-banques-dans-le-cadre-de-la-reprise-de-nowak-par-son-management\/","title":{"rendered":"Cornet Vincent S\u00e9gurel Conseille les banques dans le cadre de la reprise de Nowak par son Management"},"content":{"rendered":"<div class=\"section__body\">\n<article class=\"article-normal\">\n<div class=\"article__head\">\n<h2 class=\"article__title\">\n<\/h2><\/div>\n<div class=\"article__entry\">\n<p><strong>Apr\u00e8s 22 ans d\u2019appartenance au Groupe n\u00e9erlandais Aalberts, la fonderie Nowak a repris son ind\u00e9pendance, avec l\u2019appui de Siparex, accompagn\u00e9 d\u2019Unexo, filiale du Cr\u00e9dit Agricole, et Bpifrance. Au cours de cette op\u00e9ration, Cornet Vincent S\u00e9gurel a conseill\u00e9 les banques (Cr\u00e9dit Lyonnais et la Caisse R\u00e9gionale de Cr\u00e9dit Agricole Mutuel d&rsquo;Ille-et-Vilaine) dans le cadre du financement de l&rsquo;acquisition.<\/strong><\/p>\n<p>\u00a0<\/p>\n<p>Fond\u00e9e en 1984, implant\u00e9e \u00e0 Panc\u00e9 (Ille-et-Vilaine), et d\u00e9tenue depuis 1977 par le groupe Aalberts, Nowak est sp\u00e9cialis\u00e9e dans la fonderie de pr\u00e9cision \u00e0 destination de l\u2019industrie (pi\u00e8ces de s\u00e9curit\u00e9, robinetterie industrielle, construction&#8230;) et du march\u00e9 m\u00e9dical (implants orthop\u00e9diques, ancillaires).<\/p>\n<p>Avec un chiffre d\u2019affaires avoisinant les 20 M\u20ac en 2018 et employant 130 salari\u00e9s, la fonderie Nowak, r\u00e9put\u00e9e pour sa ma\u00eetrise de la technologie \u00e0 la cire perdue, est le seul acteur fran\u00e7ais non int\u00e9gr\u00e9 \u00e0 s\u2019\u00eatre dot\u00e9 d\u2019une unit\u00e9 industrielle d\u00e9di\u00e9e au m\u00e9dical. \u00a0<\/p>\n<p>Le groupe d\u2019investisseurs men\u00e9 par Siparex, accompagn\u00e9 d\u2019Unexo, filiale du Cr\u00e9dit Agricole, et de Bpifrance, et l\u2019\u00e9quipe r\u00e9unie autour de Thierry Avrons, dirigeant de l\u2019entreprise depuis 2011, se sont port\u00e9s acqu\u00e9reur de la totalit\u00e9 de Nowak aupr\u00e8s du Groupe Aalberts cot\u00e9 \u00e0 Euronext Amsterdam.<\/p>\n<p>Le financement bancaire de cette acquisition a \u00e9t\u00e9 co-arrang\u00e9 par Cr\u00e9dit Lyonnais et la Caisse R\u00e9gionale de Cr\u00e9dit Agricole Mutuel d&rsquo;Ille-et-Vilaine, dont \u00a0Cornet Vincent S\u00e9gurel \u00e9tait le conseil.<\/p>\n<p>L&rsquo;\u00e9quipe de Cornet Vincent S\u00e9gurel en charge de ce dossier \u00e9tait compos\u00e9e d&rsquo;Andr\u00e9 Watbot (associ\u00e9) assist\u00e9 de Charles-Henri Prioul (collaborateur senior) et Aliou Wone (collaborateur).<\/p>\n<p>\u00a0<\/p>\n<p>Sont \u00e9galement intervenus dans l&rsquo;op\u00e9ration : Lamartine Conseil (C\u00e9dric Sapede (associ\u00e9) et son \u00e9quipe pour les aspects corporate, Emilie Renaud (associ\u00e9e) et son \u00e9quipe pour les aspects fiscaux) en tant que conseil des investisseurs et de l&rsquo;acqu\u00e9reur, Aramis (Alexis Chahid-Nourai,\u00a0Bertrand Baheu-Derras) en tant que conseil des c\u00e9dants et Strateys (Estelle Rouvrais) en tant que conseil du management.<\/p>\n<p>\u00a0<\/p>\n<p>\u00a0<\/p>\n<\/p><\/div>\n<\/article><\/div>\n","protected":false},"excerpt":{"rendered":"<p>Apr\u00e8s 22 ans d\u2019appartenance au Groupe n\u00e9erlandais Aalberts, la fonderie Nowak a repris son ind\u00e9pendance, avec l\u2019appui de Siparex, accompagn\u00e9 d\u2019Unexo, filiale du Cr\u00e9dit Agricole, et Bpifrance. Au cours de cette op\u00e9ration, Cornet Vincent S\u00e9gurel a conseill\u00e9 les banques (Cr\u00e9dit Lyonnais et la Caisse R\u00e9gionale de Cr\u00e9dit Agricole Mutuel d&rsquo;Ille-et-Vilaine) dans le cadre du financement [&hellip;]<\/p>\n","protected":false},"author":0,"featured_media":2732,"comment_status":"closed","ping_status":"closed","sticky":false,"template":"","format":"standard","meta":{"_acf_changed":false,"footnotes":""},"categories":[16],"tags":[],"class_list":["post-2731","post","type-post","status-publish","format-standard","has-post-thumbnail","hentry","category-communique"],"acf":[],"_links":{"self":[{"href":"https:\/\/www.cvs-avocats.com\/fr\/wp-json\/wp\/v2\/posts\/2731","targetHints":{"allow":["GET"]}}],"collection":[{"href":"https:\/\/www.cvs-avocats.com\/fr\/wp-json\/wp\/v2\/posts"}],"about":[{"href":"https:\/\/www.cvs-avocats.com\/fr\/wp-json\/wp\/v2\/types\/post"}],"replies":[{"embeddable":true,"href":"https:\/\/www.cvs-avocats.com\/fr\/wp-json\/wp\/v2\/comments?post=2731"}],"version-history":[{"count":0,"href":"https:\/\/www.cvs-avocats.com\/fr\/wp-json\/wp\/v2\/posts\/2731\/revisions"}],"wp:featuredmedia":[{"embeddable":true,"href":"https:\/\/www.cvs-avocats.com\/fr\/wp-json\/wp\/v2\/media\/2732"}],"wp:attachment":[{"href":"https:\/\/www.cvs-avocats.com\/fr\/wp-json\/wp\/v2\/media?parent=2731"}],"wp:term":[{"taxonomy":"category","embeddable":true,"href":"https:\/\/www.cvs-avocats.com\/fr\/wp-json\/wp\/v2\/categories?post=2731"},{"taxonomy":"post_tag","embeddable":true,"href":"https:\/\/www.cvs-avocats.com\/fr\/wp-json\/wp\/v2\/tags?post=2731"}],"curies":[{"name":"wp","href":"https:\/\/api.w.org\/{rel}","templated":true}]}}