{"id":2719,"date":"2020-01-13T12:47:22","date_gmt":"2020-01-13T11:47:22","guid":{"rendered":"https:\/\/www.cvs-avocats.com\/cornet-vincent-segurel-crowdfunding-immobilier\/"},"modified":"2020-01-13T12:47:22","modified_gmt":"2020-01-13T11:47:22","slug":"cornet-vincent-segurel-crowdfunding-immobilier","status":"publish","type":"post","link":"https:\/\/www.cvs-avocats.com\/fr\/cornet-vincent-segurel-crowdfunding-immobilier\/","title":{"rendered":"Cornet Vincent S\u00e9gurel organise la premi\u00e8re conf\u00e9rence en France sur le crowdfunding immobilier locatif"},"content":{"rendered":"<div class=\"section__body\">\n<article class=\"article-normal\">\n<div class=\"article__head\">\n<h2 class=\"article__title\">\n<\/h2><\/div>\n<div class=\"article__entry\">\n<p>Le cabinet Cornet Vincent S\u00e9gurel organise le mercredi 5 d\u00e9cembre prochain une conf\u00e9rence sur le <strong>crowdfunding immobilier locatif<\/strong>. La progression \u00e0 trois chiffres en moyenne enregistr\u00e9e depuis 2013 par les plateformes alternatives d\u2019investissement immobilier aux Etats-Unis et au Royaume-Uni est spectaculaire, avec un volume de collecte estim\u00e9 respectivement \u00e0 3,5 milliards de dollars et 1 milliard de livres en 2016, derni\u00e8re ann\u00e9e sur laquelle on dispose de statistiques.<\/p>\n<p>\u00c0 travers la reconnaissance par l\u2019AMF, durant l\u2019\u00e9t\u00e9 2018, du statut de CIP en immobilier locatif, la France vient de se doter d\u2019un statut de nature \u00e0 lui permettre de rattraper une partie de son \u2013 tr\u00e8s important &#8211; retard par rapport aux pays anglo-saxons. \u00c0 quelques mois de l\u2019entr\u00e9e en vigueur du Brexit, le crowdfunding immobilier, s\u2019impose comme le principal axe de croissance du financement participatif avec 42 % des fonds collect\u00e9s sur les sites fran\u00e7ais.<\/p>\n<p>Ce nouveau segment de la pierre-papier est une tr\u00e8s bonne nouvelle pour tous les acteurs fran\u00e7ais de l\u2019immobilier d\u00e9sireux de moderniser leur mod\u00e8le de gestion collective et de distribution. De nouveaux profils d\u2019\u00e9pargnants auront acc\u00e8s \u00e0 une offre diversifi\u00e9e conf\u00e9rant \u00e0 notre place financi\u00e8re une attractivit\u00e9 renforc\u00e9e et des opportunit\u00e9s plus nombreuses de placements ISR.<\/p>\n<p>Cette conf\u00e9rence Cornet Vincent S\u00e9gurel se d\u00e9roulera au Salon des Miroirs \u00e0 Paris dans le 9e arrondissement, de 8h30 \u00e0 11h.<\/p>\n<p>Elle s\u2019articulera autour de deux tables rondes\u00a0introduites par <strong>Dominique Stucki<\/strong>, Avocat Associ\u00e9 du P\u00f4le Banque Finance \u2013 M&amp;A de Cornet Vincent S\u00e9gurel et avec l\u2019intervention d\u2019<strong>Alfred Lortat-Jacob<\/strong> \u2013 Avocat Associ\u00e9 fiscaliste &amp; Membre du Comit\u00e9 de Direction de Cornet Vincent S\u00e9gurel\u00a0et de personnalit\u00e9s de tout premier plan de l\u2019immobilier et de l\u2019innovation financi\u00e8re.<\/p>\n<ul>\n<li>Table ronde n\u00b01 \u00ab\u00a0La reconnaissance du financement participatif immobilier locatif\u00a0: l\u2019AMF fait la preuve de sa modernit\u00e9\u00a0\u00bb<\/li>\n<\/ul>\n<p>\u00a0<\/p>\n<ul>\n<li>Table ronde n\u00b02 \u00ab\u00a0Une diversification de la pierre papier repr\u00e9sentative de l\u2019attractivit\u00e9 de la place financi\u00e8re de Paris\u00a0\u00bb.<\/li>\n<\/ul>\n<p>\u00a0<\/p>\n<p>Ces derni\u00e8res seront anim\u00e9es par des intervenants ext\u00e9rieurs dont <strong>Philippe Sourlas<\/strong> \u2013 Directeur Adjoint AMF; <strong>Jo\u00eblle Chauvin<\/strong> \u2013 Directrice G\u00e9n\u00e9rale OFI Pierre &amp; Pr\u00e9sidente du Comit\u00e9 de S\u00e9lection Fili\u00e8re immobili\u00e8re du P\u00f4le Finance Innovation; <strong>J\u00e9r\u00e9mie Benmoussa<\/strong> \u2013 Directeur G\u00e9n\u00e9ral de Fundimmo; <strong>C\u00e9line Mahinc<\/strong> \u2013 CGP et coauteur d\u2019\u00e9tudes sur le Crowdfunding Immobilier; <strong>Mowgli Fr\u00e8re<\/strong> \u2013 Pr\u00e9sident de l\u2019AFCIM; <strong>Didier Boulin<\/strong> \u2013 Directeur G\u00e9n\u00e9ral de My Korner Shop; <strong>Maxime Duhamelle<\/strong> \u2013 Pr\u00e9sident de Dividom; <strong>Souleymane Galadima<\/strong> \u2013 Innovation &amp; Digital Business Director, Mata Capital; <strong>Christel Bapt<\/strong> \u2013 Pr\u00e9sident de Cedrus Partners; <strong>Jean-Michel Errera<\/strong> \u2013 Directeur G\u00e9n\u00e9ral de Mipise; <strong>David Charlet<\/strong> \u2013 Pr\u00e9sident de l\u2019ANACOFI et <strong>Noreen R.Weiss<\/strong> \u2013 Partner Mac Donald Weiss.<\/p>\n<p>\u00a0<\/p>\n<p>Lien pour s\u2019inscrire \u00e0 l\u2019\u00e9v\u00e9nement\u00a0(sous r\u00e9serve de disponibilit\u00e9) :<\/p>\n<p><a href=\"https:\/\/docs.google.com\/forms\/d\/e\/1FAIpQLScixJE7dCyq2H7DPNyjoJgCYHl7b8a8yV66WJpi1fGjfqEiWw\/viewform?usp=sf_link\">https:\/\/docs.google.com\/forms\/d\/e\/1FAIpQLScixJE7dCyq2H7DPNyjoJgCYHl7b8a8yV66WJpi1fGjfqEiWw\/viewform?usp=sf_link<\/a><\/p>\n<p>\u00a0<\/p>\n<p>\u00a0<\/p>\n<p><strong>A PROPOS DE CORNET VINCENT S\u00c9GUREL<\/strong>\u00a0:<\/p>\n<p>Depuis 46 ans, le cabinet d\u2019avocats Cornet Vincent S\u00e9gurel intervient sur l\u2019ensemble des domaines du droit des affaires. Anim\u00e9 par son esprit d\u2019innovation, et au c\u0153ur de l\u2019\u00e9volution juridique et \u00e9conomique, Cornet Vincent S\u00e9gurel place le client au centre de ses pr\u00e9occupations.<\/p>\n<p>Avec un chiffre d\u2019affaires de 27,3 M d\u2019euros en 2017, ses 166 avocats dont 46 associ\u00e9s accompagnent des entreprises priv\u00e9es et publiques, en France et \u00e0 l\u2019international, en conseil et en contentieux.<\/p>\n<p>Fort de sa proactivit\u00e9 pour anticiper les \u00e9volutions juridiques, Cornet Vincent S\u00e9gurel intervient dans tous les secteurs d\u2019activit\u00e9 et conseille ses clients dans leurs d\u00e9cisions strat\u00e9giques et leurs choix op\u00e9rationnels.<\/p>\n<\/p><\/div>\n<\/article><\/div>\n","protected":false},"excerpt":{"rendered":"<p>Le cabinet Cornet Vincent S\u00e9gurel organise le mercredi 5 d\u00e9cembre prochain une conf\u00e9rence sur le crowdfunding immobilier locatif. La progression \u00e0 trois chiffres en moyenne enregistr\u00e9e depuis 2013 par les plateformes alternatives d\u2019investissement immobilier aux Etats-Unis et au Royaume-Uni est spectaculaire, avec un volume de collecte estim\u00e9 respectivement \u00e0 3,5 milliards de dollars et 1 [&hellip;]<\/p>\n","protected":false},"author":0,"featured_media":2720,"comment_status":"closed","ping_status":"closed","sticky":false,"template":"","format":"standard","meta":{"_acf_changed":false,"footnotes":""},"categories":[14],"tags":[],"class_list":["post-2719","post","type-post","status-publish","format-standard","has-post-thumbnail","hentry","category-news"],"acf":[],"_links":{"self":[{"href":"https:\/\/www.cvs-avocats.com\/fr\/wp-json\/wp\/v2\/posts\/2719","targetHints":{"allow":["GET"]}}],"collection":[{"href":"https:\/\/www.cvs-avocats.com\/fr\/wp-json\/wp\/v2\/posts"}],"about":[{"href":"https:\/\/www.cvs-avocats.com\/fr\/wp-json\/wp\/v2\/types\/post"}],"replies":[{"embeddable":true,"href":"https:\/\/www.cvs-avocats.com\/fr\/wp-json\/wp\/v2\/comments?post=2719"}],"version-history":[{"count":0,"href":"https:\/\/www.cvs-avocats.com\/fr\/wp-json\/wp\/v2\/posts\/2719\/revisions"}],"wp:featuredmedia":[{"embeddable":true,"href":"https:\/\/www.cvs-avocats.com\/fr\/wp-json\/wp\/v2\/media\/2720"}],"wp:attachment":[{"href":"https:\/\/www.cvs-avocats.com\/fr\/wp-json\/wp\/v2\/media?parent=2719"}],"wp:term":[{"taxonomy":"category","embeddable":true,"href":"https:\/\/www.cvs-avocats.com\/fr\/wp-json\/wp\/v2\/categories?post=2719"},{"taxonomy":"post_tag","embeddable":true,"href":"https:\/\/www.cvs-avocats.com\/fr\/wp-json\/wp\/v2\/tags?post=2719"}],"curies":[{"name":"wp","href":"https:\/\/api.w.org\/{rel}","templated":true}]}}