{"id":2654,"date":"2020-01-13T12:47:22","date_gmt":"2020-01-13T11:47:22","guid":{"rendered":"https:\/\/www.cvs-avocats.com\/cornet-vincent-segurel-losc\/"},"modified":"2020-01-13T12:47:22","modified_gmt":"2020-01-13T11:47:22","slug":"cornet-vincent-segurel-losc","status":"publish","type":"post","link":"https:\/\/www.cvs-avocats.com\/fr\/cornet-vincent-segurel-losc\/","title":{"rendered":"Cornet Vincent S\u00e9gurel et Thomas Deschryver aux c\u00f4t\u00e9s du Losc dans la proc\u00e9dure men\u00e9e devant le Tribunal de Commerce de Lille par Marcelo Bielsa"},"content":{"rendered":"<div class=\"section__body\">\n<article class=\"article-normal\">\n<div class=\"article__head\">\n<h2 class=\"article__title\">\n<\/h2><\/div>\n<div class=\"article__entry\">\n<p>Dans l\u2019affaire qui oppose le LOSC et Marcelo Bielsa, Thomas Deschryver, avocat associ\u00e9 chez Cornet Vincent S\u00e9gurel, accompagne le LOSC sur la proc\u00e9dure devant le Tribunal de Commerce\u00a0de Lille.<\/p>\n<p><strong><a href=\"https:\/\/www.losc.fr\/content\/loscbielsa-le-tribunal-de-commerce-donne-raison-au-losc\">https:\/\/www.losc.fr\/content\/loscbielsa-le-tribunal-de-commerce-donne-raison-au-losc<\/a><\/strong><\/p>\n<\/p><\/div>\n<\/article><\/div>\n","protected":false},"excerpt":{"rendered":"<p>Dans l\u2019affaire qui oppose le LOSC et Marcelo Bielsa, Thomas Deschryver, avocat associ\u00e9 chez Cornet Vincent S\u00e9gurel, accompagne le LOSC sur la proc\u00e9dure devant le Tribunal de Commerce\u00a0de Lille. https:\/\/www.losc.fr\/content\/loscbielsa-le-tribunal-de-commerce-donne-raison-au-losc<\/p>\n","protected":false},"author":0,"featured_media":2655,"comment_status":"closed","ping_status":"closed","sticky":false,"template":"","format":"standard","meta":{"_acf_changed":false,"footnotes":""},"categories":[16],"tags":[],"class_list":["post-2654","post","type-post","status-publish","format-standard","has-post-thumbnail","hentry","category-communique"],"acf":[],"_links":{"self":[{"href":"https:\/\/www.cvs-avocats.com\/fr\/wp-json\/wp\/v2\/posts\/2654","targetHints":{"allow":["GET"]}}],"collection":[{"href":"https:\/\/www.cvs-avocats.com\/fr\/wp-json\/wp\/v2\/posts"}],"about":[{"href":"https:\/\/www.cvs-avocats.com\/fr\/wp-json\/wp\/v2\/types\/post"}],"replies":[{"embeddable":true,"href":"https:\/\/www.cvs-avocats.com\/fr\/wp-json\/wp\/v2\/comments?post=2654"}],"version-history":[{"count":0,"href":"https:\/\/www.cvs-avocats.com\/fr\/wp-json\/wp\/v2\/posts\/2654\/revisions"}],"wp:featuredmedia":[{"embeddable":true,"href":"https:\/\/www.cvs-avocats.com\/fr\/wp-json\/wp\/v2\/media\/2655"}],"wp:attachment":[{"href":"https:\/\/www.cvs-avocats.com\/fr\/wp-json\/wp\/v2\/media?parent=2654"}],"wp:term":[{"taxonomy":"category","embeddable":true,"href":"https:\/\/www.cvs-avocats.com\/fr\/wp-json\/wp\/v2\/categories?post=2654"},{"taxonomy":"post_tag","embeddable":true,"href":"https:\/\/www.cvs-avocats.com\/fr\/wp-json\/wp\/v2\/tags?post=2654"}],"curies":[{"name":"wp","href":"https:\/\/api.w.org\/{rel}","templated":true}]}}