{"id":2648,"date":"2020-01-13T12:47:22","date_gmt":"2020-01-13T11:47:22","guid":{"rendered":"https:\/\/www.cvs-avocats.com\/creation-departement-droit-des-societes-lyon\/"},"modified":"2025-08-21T10:52:22","modified_gmt":"2025-08-21T08:52:22","slug":"creation-departement-droit-des-societes-lyon","status":"publish","type":"post","link":"https:\/\/www.cvs-avocats.com\/fr\/creation-departement-droit-des-societes-lyon\/","title":{"rendered":"Cornet Vincent S\u00e9gurel poursuit sa dynamique de croissance avec la cr\u00e9ation d\u2019un d\u00e9partement droit des soci\u00e9t\u00e9s au sein de son bureau de Lyon et l\u2019arriv\u00e9e de deux nouveaux associ\u00e9s"},"content":{"rendered":"<div class=\"section__body\">\n<article class=\"article-normal\">\n<div class=\"article__head\">\n<h2 class=\"article__title\">\n<\/h2><\/div>\n<div class=\"article__entry\">\n<p>Apr\u00e8s l\u2019ouverture d\u2019un bureau \u00e0 Lyon il y a tout juste un an, Cornet Vincent S\u00e9gurel conforte son d\u00e9veloppement avec la cr\u00e9ation d\u2019un d\u00e9partement droit des soci\u00e9t\u00e9s \/ fusions-acquisitions au sein de son bureau Lyonnais et l\u2019int\u00e9gration d\u2019une nouvelle \u00e9quipe compos\u00e9e de deux associ\u00e9s, Pierre-Jean FERRY et Pierre GUIGNAND, ainsi que d\u2019une collaboratrice, Gaelle MOULIN.<\/p>\n<p>Pierre-Jean FERRY explique pourquoi le projet de rejoindre Cornet Vincent S\u00e9gurel l\u2019a s\u00e9duit\u00a0: <em>\u00ab le projet entrepreneurial port\u00e9 par les associ\u00e9s de Cornet Vincent S\u00e9gurel est moderne et ambitieux, adapt\u00e9 aux enjeux de la profession d\u2019avocat et de nos clients, et a tr\u00e8s vite emport\u00e9 l\u2019adh\u00e9sion de l\u2019\u00e9quipe\u00a0\u00bb.<\/em><\/p>\n<p><em>\u00ab\u00a0Le dynamisme du cabinet et la volont\u00e9 de proposer une offre alternative en corporate sur la place lyonnaise a eu un \u00e9cho particulier en ce qui nous concerne et constitue un challenge extr\u00eamement motivant \u00e0 relever\u00a0\u00bb,<\/em> compl\u00e8te \u00e9galement Pierre GUIGNAND.<\/p>\n<p><strong>Pierre-Jean FERRY, avocat associ\u00e9 <\/strong><\/p>\n<p><img decoding=\"async\" alt=\"\" data-src=\"\/sites\/default\/files\/page\/medium_pj_ferry.jpg\" style=\"float:left;height:130px;margin-left:2px;margin-right:2px;width:130px\" src=\"data:image\/svg+xml;base64,PHN2ZyB3aWR0aD0iMSIgaGVpZ2h0PSIxIiB4bWxucz0iaHR0cDovL3d3dy53My5vcmcvMjAwMC9zdmciPjwvc3ZnPg==\" class=\"lazyload\" \/>Titulaire d\u2019un DJCE-DESS de droit des affaires et fiscalit\u00e9 \u00e0 l\u2019Universit\u00e9 de Lyon III ainsi que d\u2019un Certificat Sup\u00e9rieur de droit fiscal \u00e0 l\u2019Universit\u00e9 de Montpellier, Pierre-Jean FERRY exerce la profession depuis 22 ans.<\/p>\n<p>Avocat au sein du cabinet Magellan de 1997 \u00e0 2004, il rejoint Lamy &amp; Associ\u00e9s en 2004 dont il devient associ\u00e9 l\u2019ann\u00e9e suivante.<\/p>\n<p>Pierre-Jean FERRY intervient dans tous les domaines du droit des soci\u00e9t\u00e9s (fusions-acquisitions, acquisitions avec effet de levier LBO\/MBO, lev\u00e9es de fonds, int\u00e9ressement capitalistique des managers\u2026).<\/p>\n<p>Il est \u00e9galement membre du Comit\u00e9 d\u2019orientation de l\u2019Incubateur EM Lyon et charg\u00e9 de cours dans diff\u00e9rents Masters sp\u00e9cialis\u00e9s et en MBA. Il est par ailleurs \u00e0 l\u2019origine du programme de droit des soci\u00e9t\u00e9s du Master Professionnel Droit des affaires de l\u2019Institut de Droit et d\u2019Economie des Affaires de Lyon 3.<\/p>\n<p>Pierre-Jean FERRY a \u00e9t\u00e9 membre du Conseil de l\u2019Ordre, D\u00e9l\u00e9gu\u00e9 du B\u00e2tonnier de l\u2019ordre des avocats du Barreau de Lyon aupr\u00e8s des acteurs \u00e9conomiques, pr\u00e9sident Rh\u00f4ne-Alpes de l\u2019ACE Jeunes et membre du bureau r\u00e9gional de l\u2019ACE.<\/p>\n<p><strong>Pierre GUIGNAND, avocat associ\u00e9<\/strong><\/p>\n<p><img decoding=\"async\" alt=\"\" data-src=\"\/sites\/default\/files\/page\/medium_p_guignand.jpg\" style=\"float:left;height:130px;margin-left:2px;margin-right:2px;width:130px\" src=\"data:image\/svg+xml;base64,PHN2ZyB3aWR0aD0iMSIgaGVpZ2h0PSIxIiB4bWxucz0iaHR0cDovL3d3dy53My5vcmcvMjAwMC9zdmciPjwvc3ZnPg==\" class=\"lazyload\" \/><\/p>\n<p>Titulaire d\u2019un DESS de droit des affaires et fiscalit\u00e9 \u00e0 l\u2019Universit\u00e9 de Clermont-Ferrand, Pierre GUIGNAND est inscrit au barreau de Lyon depuis 2006.<\/p>\n<p>Avocat au sein du cabinet Ratheaux de 2006 \u00e0 2009, il rejoint Lamy &amp; Associ\u00e9s en 2009 dont il devient associ\u00e9 en 2015.<\/p>\n<p>Pierre GUIGNAND intervient \u00e9galement dans tous les domaines du droit des soci\u00e9t\u00e9s et notamment dans les op\u00e9rations nationales et internationales de fusions-acquisitions, de private equity et de capital investissement.<\/p>\n<\/p>\n<p><strong>Ga\u00eblle MOULIN, avocate<\/strong><\/p>\n<p><img decoding=\"async\" alt=\"\" data-src=\"\/sites\/default\/files\/page\/medium_g_moulin.jpg\" style=\"float:left;height:130px;margin-left:2px;margin-right:2px;width:130px\" src=\"data:image\/svg+xml;base64,PHN2ZyB3aWR0aD0iMSIgaGVpZ2h0PSIxIiB4bWxucz0iaHR0cDovL3d3dy53My5vcmcvMjAwMC9zdmciPjwvc3ZnPg==\" class=\"lazyload\" \/><\/p>\n<p>Ga\u00eblle MOULIN est titulaire d\u2019un Master 1 droit des affaires et d\u2019un Master 1 droit priv\u00e9 \u00e0 l\u2019Universit\u00e9 de Paris 1 Panth\u00e9on Sorbonne, ainsi que d\u2019un Dipl\u00f4me Universitaire de droit anglais \u00e0 l\u2019Universit\u00e9 de Lyon III.<\/p>\n<p>Apr\u00e8s avoir travaill\u00e9 comme Juriste dans des PME de la r\u00e9gion Rh\u00f4ne-Alpes entre 2009 et 2012, Gaelle MOULIN pr\u00eate serment en 2013 et rejoint le cabinet Lamy &amp; Associ\u00e9s aux c\u00f4t\u00e9s de Pierre-Jean FERRY et Pierre GUIGNAND.<\/p>\n<\/p>\n<p>Avec l\u2019int\u00e9gration de cette nouvelle \u00e9quipe, le d\u00e9partement droit des soci\u00e9t\u00e9s \/ fusions-acquisitions de Cornet Vincent S\u00e9gurel compte d\u00e9sormais 46 avocats dont 19 associ\u00e9s.<\/p>\n<\/p><\/div>\n<\/article><\/div>\n\n\n<p><\/p>\n","protected":false},"excerpt":{"rendered":"<p>Apr\u00e8s l\u2019ouverture d\u2019un bureau \u00e0 Lyon il y a tout juste un an, Cornet Vincent S\u00e9gurel conforte son d\u00e9veloppement avec la cr\u00e9ation d\u2019un d\u00e9partement droit des soci\u00e9t\u00e9s \/ fusions-acquisitions au sein de son bureau Lyonnais et l\u2019int\u00e9gration d\u2019une nouvelle \u00e9quipe compos\u00e9e de deux associ\u00e9s, Pierre-Jean FERRY et Pierre GUIGNAND, ainsi que d\u2019une collaboratrice, Gaelle MOULIN. [&hellip;]<\/p>\n","protected":false},"author":16,"featured_media":2649,"comment_status":"closed","ping_status":"closed","sticky":false,"template":"","format":"standard","meta":{"_acf_changed":true,"footnotes":""},"categories":[16],"tags":[],"class_list":["post-2648","post","type-post","status-publish","format-standard","has-post-thumbnail","hentry","category-communique"],"acf":[],"_links":{"self":[{"href":"https:\/\/www.cvs-avocats.com\/fr\/wp-json\/wp\/v2\/posts\/2648","targetHints":{"allow":["GET"]}}],"collection":[{"href":"https:\/\/www.cvs-avocats.com\/fr\/wp-json\/wp\/v2\/posts"}],"about":[{"href":"https:\/\/www.cvs-avocats.com\/fr\/wp-json\/wp\/v2\/types\/post"}],"author":[{"embeddable":true,"href":"https:\/\/www.cvs-avocats.com\/fr\/wp-json\/wp\/v2\/users\/16"}],"replies":[{"embeddable":true,"href":"https:\/\/www.cvs-avocats.com\/fr\/wp-json\/wp\/v2\/comments?post=2648"}],"version-history":[{"count":0,"href":"https:\/\/www.cvs-avocats.com\/fr\/wp-json\/wp\/v2\/posts\/2648\/revisions"}],"wp:featuredmedia":[{"embeddable":true,"href":"https:\/\/www.cvs-avocats.com\/fr\/wp-json\/wp\/v2\/media\/2649"}],"wp:attachment":[{"href":"https:\/\/www.cvs-avocats.com\/fr\/wp-json\/wp\/v2\/media?parent=2648"}],"wp:term":[{"taxonomy":"category","embeddable":true,"href":"https:\/\/www.cvs-avocats.com\/fr\/wp-json\/wp\/v2\/categories?post=2648"},{"taxonomy":"post_tag","embeddable":true,"href":"https:\/\/www.cvs-avocats.com\/fr\/wp-json\/wp\/v2\/tags?post=2648"}],"curies":[{"name":"wp","href":"https:\/\/api.w.org\/{rel}","templated":true}]}}