{"id":2645,"date":"2020-01-13T12:47:22","date_gmt":"2020-01-13T11:47:22","guid":{"rendered":"https:\/\/www.cvs-avocats.com\/le-monde-du-chiffre-2018-annee-fiscale-blanche-pour-les-dirigeants-dentreprise\/"},"modified":"2020-01-13T12:47:22","modified_gmt":"2020-01-13T11:47:22","slug":"le-monde-du-chiffre-2018-annee-fiscale-blanche-pour-les-dirigeants-dentreprise","status":"publish","type":"post","link":"https:\/\/www.cvs-avocats.com\/fr\/le-monde-du-chiffre-2018-annee-fiscale-blanche-pour-les-dirigeants-dentreprise\/","title":{"rendered":"Le Monde du Chiffre &#8211; 2018 : ann\u00e9e fiscale blanche pour les dirigeants d\u2019entreprise ?"},"content":{"rendered":"<div class=\"section__body\">\n<article class=\"article-normal\">\n<div class=\"article__head\">\n<h2 class=\"article__title\">\n<\/h2><\/div>\n<div class=\"article__entry\">\n<p>Alfred Lortat-Jacob et Gauthier Moulins, respectivement associ\u00e9 et avocat\u00a0au sein du d\u00e9partement Fiscalit\u00e9 de\u00a0Cornet Vincent S\u00e9gurel, livrent une tribune sur les cons\u00e9quences fiscales de la mise en place du pr\u00e9l\u00e8vement \u00e0 la source pour l&rsquo;imposition des dirigeants d&rsquo;entreprise en 2018.<\/p>\n<p><a href=\"http:\/\/www.lemondeduchiffre.fr\/le-magazine-de-la-profession-comptable\/unes\/283308-2018-annee-fiscale-blanche-pour-les-dirigeants-entreprise-.html\">Lire l&rsquo;article<\/a><\/p>\n<\/p><\/div>\n<\/article><\/div>\n","protected":false},"excerpt":{"rendered":"<p>Alfred Lortat-Jacob et Gauthier Moulins, respectivement associ\u00e9 et avocat\u00a0au sein du d\u00e9partement Fiscalit\u00e9 de\u00a0Cornet Vincent S\u00e9gurel, livrent une tribune sur les cons\u00e9quences fiscales de la mise en place du pr\u00e9l\u00e8vement \u00e0 la source pour l&rsquo;imposition des dirigeants d&rsquo;entreprise en 2018. Lire l&rsquo;article<\/p>\n","protected":false},"author":0,"featured_media":2646,"comment_status":"closed","ping_status":"closed","sticky":false,"template":"","format":"standard","meta":{"_acf_changed":false,"footnotes":""},"categories":[15],"tags":[],"class_list":["post-2645","post","type-post","status-publish","format-standard","has-post-thumbnail","hentry","category-publications"],"acf":[],"_links":{"self":[{"href":"https:\/\/www.cvs-avocats.com\/fr\/wp-json\/wp\/v2\/posts\/2645","targetHints":{"allow":["GET"]}}],"collection":[{"href":"https:\/\/www.cvs-avocats.com\/fr\/wp-json\/wp\/v2\/posts"}],"about":[{"href":"https:\/\/www.cvs-avocats.com\/fr\/wp-json\/wp\/v2\/types\/post"}],"replies":[{"embeddable":true,"href":"https:\/\/www.cvs-avocats.com\/fr\/wp-json\/wp\/v2\/comments?post=2645"}],"version-history":[{"count":0,"href":"https:\/\/www.cvs-avocats.com\/fr\/wp-json\/wp\/v2\/posts\/2645\/revisions"}],"wp:featuredmedia":[{"embeddable":true,"href":"https:\/\/www.cvs-avocats.com\/fr\/wp-json\/wp\/v2\/media\/2646"}],"wp:attachment":[{"href":"https:\/\/www.cvs-avocats.com\/fr\/wp-json\/wp\/v2\/media?parent=2645"}],"wp:term":[{"taxonomy":"category","embeddable":true,"href":"https:\/\/www.cvs-avocats.com\/fr\/wp-json\/wp\/v2\/categories?post=2645"},{"taxonomy":"post_tag","embeddable":true,"href":"https:\/\/www.cvs-avocats.com\/fr\/wp-json\/wp\/v2\/tags?post=2645"}],"curies":[{"name":"wp","href":"https:\/\/api.w.org\/{rel}","templated":true}]}}