{"id":2601,"date":"2020-01-13T12:47:21","date_gmt":"2020-01-13T11:47:21","guid":{"rendered":"https:\/\/www.cvs-avocats.com\/cornet-vincent-segurel-financiere-responsable\/"},"modified":"2025-08-21T10:44:56","modified_gmt":"2025-08-21T08:44:56","slug":"cornet-vincent-segurel-financiere-responsable","status":"publish","type":"post","link":"https:\/\/www.cvs-avocats.com\/fr\/cornet-vincent-segurel-financiere-responsable\/","title":{"rendered":"Cornet Vincent S\u00e9gurel assiste La Financi\u00e8re Responsable dans le cadre de son partenariat strat\u00e9gique avec MAPFRE, leader du march\u00e9 de l\u2019assurance espagnol"},"content":{"rendered":"<div class=\"section__body\">\n<article class=\"article-normal\">\n<div class=\"article__head\">\n<h2 class=\"article__title\"><\/h2>\n<\/div>\n<div class=\"article__entry\">\n<p>La Financi\u00e8re Responsable est une soci\u00e9t\u00e9 de gestion de portefeuilles de valeurs mobili\u00e8res qui a \u00e9t\u00e9 cofond\u00e9e en 2007 par Olivier Johanet, Pr\u00e9sident, et St\u00e9phane Pr\u00e9vost, Directeur G\u00e9n\u00e9ral. La Financi\u00e8re Responsable, soci\u00e9t\u00e9 agr\u00e9\u00e9e par l\u2019Autorit\u00e9 des March\u00e9s Financiers, est anim\u00e9e par une philosophie d\u2019investissement qui s\u2019appuie sur une gestion de long terme et de convictions, combinant une analyse des informations strat\u00e9giques, extra-financi\u00e8res, et financi\u00e8res des valeurs cot\u00e9es europ\u00e9ennes, en application de la m\u00e9thode Gestion Int\u00e9grale IVA\u00a9 (<em>Integral Value Approach<\/em>, terme d\u00e9pos\u00e9).<\/p>\n<p>Avec un chiffre d\u2019affaires de 27 milliards d\u2019euros en 2016 et 37 millions de clients \u00e0 travers le monde, MAPFRE, leader espagnol du march\u00e9 de l\u2019assurance en Am\u00e9rique Latine et parmi les dix plus gros acteurs europ\u00e9ens de l\u2019assurance, est le sp\u00e9cialiste des solutions d\u2019\u00e9pargnes \u00e0 long terme avec pr\u00e8s de 60\u00a0000 millions d\u2019euros d\u2019actifs g\u00e9r\u00e9s.<\/p>\n<p>La signature de ce partenariat majeur pour La Financi\u00e8re Responsable lui permettra donc de d\u00e9velopper son mod\u00e8le d\u2019analyse et sa gamme de produits \u00e0 une \u00e9chelle internationale, mais \u00e9galement de lancer de nouveaux produits destin\u00e9s aux investisseurs institutionnels.<\/p>\n<p>Afin de consolider ce partenariat, MAPFRE entre au capital de La Responsable Financi\u00e8re \u00e0 hauteur de 25%.<\/p>\n<p>Dans le cadre de cette op\u00e9ration, La Financi\u00e8re Responsable \u00e9tait assist\u00e9e et conseill\u00e9e par le cabinet Cornet Vincent S\u00e9gurel, sous la responsabilit\u00e9 d\u2019Alexis Marchand, associ\u00e9, avec la collaboration de Philippe Guinot, avocat directeur.<\/p>\n<p>MAPFRE \u00e9tait accompagn\u00e9e, en France, par le cabinet Armand Avocats, sous la responsabilit\u00e9 de Rupert Windeler, associ\u00e9.<\/p>\n<\/div>\n<\/article>\n<\/div>\n","protected":false},"excerpt":{"rendered":"<p>La Financi\u00e8re Responsable est une soci\u00e9t\u00e9 de gestion de portefeuilles de valeurs mobili\u00e8res qui a \u00e9t\u00e9 cofond\u00e9e en 2007 par Olivier Johanet, Pr\u00e9sident, et St\u00e9phane Pr\u00e9vost, Directeur G\u00e9n\u00e9ral. La Financi\u00e8re Responsable, soci\u00e9t\u00e9 agr\u00e9\u00e9e par l\u2019Autorit\u00e9 des March\u00e9s Financiers, est anim\u00e9e par une philosophie d\u2019investissement qui s\u2019appuie sur une gestion de long terme et de convictions, [&hellip;]<\/p>\n","protected":false},"author":16,"featured_media":2602,"comment_status":"closed","ping_status":"closed","sticky":false,"template":"","format":"standard","meta":{"_acf_changed":true,"footnotes":""},"categories":[16],"tags":[],"class_list":["post-2601","post","type-post","status-publish","format-standard","has-post-thumbnail","hentry","category-communique"],"acf":[],"_links":{"self":[{"href":"https:\/\/www.cvs-avocats.com\/fr\/wp-json\/wp\/v2\/posts\/2601","targetHints":{"allow":["GET"]}}],"collection":[{"href":"https:\/\/www.cvs-avocats.com\/fr\/wp-json\/wp\/v2\/posts"}],"about":[{"href":"https:\/\/www.cvs-avocats.com\/fr\/wp-json\/wp\/v2\/types\/post"}],"author":[{"embeddable":true,"href":"https:\/\/www.cvs-avocats.com\/fr\/wp-json\/wp\/v2\/users\/16"}],"replies":[{"embeddable":true,"href":"https:\/\/www.cvs-avocats.com\/fr\/wp-json\/wp\/v2\/comments?post=2601"}],"version-history":[{"count":0,"href":"https:\/\/www.cvs-avocats.com\/fr\/wp-json\/wp\/v2\/posts\/2601\/revisions"}],"wp:featuredmedia":[{"embeddable":true,"href":"https:\/\/www.cvs-avocats.com\/fr\/wp-json\/wp\/v2\/media\/2602"}],"wp:attachment":[{"href":"https:\/\/www.cvs-avocats.com\/fr\/wp-json\/wp\/v2\/media?parent=2601"}],"wp:term":[{"taxonomy":"category","embeddable":true,"href":"https:\/\/www.cvs-avocats.com\/fr\/wp-json\/wp\/v2\/categories?post=2601"},{"taxonomy":"post_tag","embeddable":true,"href":"https:\/\/www.cvs-avocats.com\/fr\/wp-json\/wp\/v2\/tags?post=2601"}],"curies":[{"name":"wp","href":"https:\/\/api.w.org\/{rel}","templated":true}]}}