{"id":2591,"date":"2020-01-13T12:47:21","date_gmt":"2020-01-13T11:47:21","guid":{"rendered":"https:\/\/www.cvs-avocats.com\/harvard-business-review-obsolescence-programmee\/"},"modified":"2020-01-13T12:47:21","modified_gmt":"2020-01-13T11:47:21","slug":"harvard-business-review-obsolescence-programmee","status":"publish","type":"post","link":"https:\/\/www.cvs-avocats.com\/fr\/harvard-business-review-obsolescence-programmee\/","title":{"rendered":"Harvard Business Review &#8211; Obsolescence programm\u00e9e : une loi et apr\u00e8s ?"},"content":{"rendered":"<div class=\"section__body\">\n<article class=\"article-normal\">\n<div class=\"article__head\">\n<h2 class=\"article__title\">\n<\/h2><\/div>\n<div class=\"article__entry\">\n<p>L\u2019Union europ\u00e9enne r\u00e9fl\u00e9chit \u00e0 un cadre pour encourager le d\u00e9veloppement d\u2019un march\u00e9 de la r\u00e9paration. Une opportunit\u00e9 \u00e0 saisir pour les industriels, alors que la France sanctionne d\u00e9j\u00e0 le d\u00e9lit d\u2019obsolescence programm\u00e9e.<\/p>\n<p>Analyse de Jean-Fran\u00e7ois Puget, avocat associ\u00e9, et\u00a0Cl\u00e9mence Boissonnet, avocat, au sein du d\u00e9partement concurrence-distribution-contrats de Cornet Vincent S\u00e9gurel.<\/p>\n<p><a href=\"https:\/\/www.hbrfrance.fr\/chroniques-experts\/2017\/11\/17520-obsolescence-programmee-loi-apres\/\">Lire l&rsquo;article<\/a>\u00a0<\/p>\n<\/p><\/div>\n<\/article><\/div>\n","protected":false},"excerpt":{"rendered":"<p>L\u2019Union europ\u00e9enne r\u00e9fl\u00e9chit \u00e0 un cadre pour encourager le d\u00e9veloppement d\u2019un march\u00e9 de la r\u00e9paration. Une opportunit\u00e9 \u00e0 saisir pour les industriels, alors que la France sanctionne d\u00e9j\u00e0 le d\u00e9lit d\u2019obsolescence programm\u00e9e. Analyse de Jean-Fran\u00e7ois Puget, avocat associ\u00e9, et\u00a0Cl\u00e9mence Boissonnet, avocat, au sein du d\u00e9partement concurrence-distribution-contrats de Cornet Vincent S\u00e9gurel. Lire l&rsquo;article\u00a0<\/p>\n","protected":false},"author":0,"featured_media":2592,"comment_status":"closed","ping_status":"closed","sticky":false,"template":"","format":"standard","meta":{"_acf_changed":false,"footnotes":""},"categories":[15],"tags":[],"class_list":["post-2591","post","type-post","status-publish","format-standard","has-post-thumbnail","hentry","category-publications"],"acf":[],"_links":{"self":[{"href":"https:\/\/www.cvs-avocats.com\/fr\/wp-json\/wp\/v2\/posts\/2591","targetHints":{"allow":["GET"]}}],"collection":[{"href":"https:\/\/www.cvs-avocats.com\/fr\/wp-json\/wp\/v2\/posts"}],"about":[{"href":"https:\/\/www.cvs-avocats.com\/fr\/wp-json\/wp\/v2\/types\/post"}],"replies":[{"embeddable":true,"href":"https:\/\/www.cvs-avocats.com\/fr\/wp-json\/wp\/v2\/comments?post=2591"}],"version-history":[{"count":0,"href":"https:\/\/www.cvs-avocats.com\/fr\/wp-json\/wp\/v2\/posts\/2591\/revisions"}],"wp:featuredmedia":[{"embeddable":true,"href":"https:\/\/www.cvs-avocats.com\/fr\/wp-json\/wp\/v2\/media\/2592"}],"wp:attachment":[{"href":"https:\/\/www.cvs-avocats.com\/fr\/wp-json\/wp\/v2\/media?parent=2591"}],"wp:term":[{"taxonomy":"category","embeddable":true,"href":"https:\/\/www.cvs-avocats.com\/fr\/wp-json\/wp\/v2\/categories?post=2591"},{"taxonomy":"post_tag","embeddable":true,"href":"https:\/\/www.cvs-avocats.com\/fr\/wp-json\/wp\/v2\/tags?post=2591"}],"curies":[{"name":"wp","href":"https:\/\/api.w.org\/{rel}","templated":true}]}}