{"id":2569,"date":"2020-01-13T12:47:21","date_gmt":"2020-01-13T11:47:21","guid":{"rendered":"https:\/\/www.cvs-avocats.com\/lusine-nouvelle-loi-alimentation\/"},"modified":"2020-01-13T12:47:21","modified_gmt":"2020-01-13T11:47:21","slug":"lusine-nouvelle-loi-alimentation","status":"publish","type":"post","link":"https:\/\/www.cvs-avocats.com\/fr\/lusine-nouvelle-loi-alimentation\/","title":{"rendered":"L&rsquo;Usine Nouvelle &#8211; Loi alimentation"},"content":{"rendered":"<div class=\"section__body\">\n<article class=\"article-normal\">\n<div class=\"article__head\">\n<h2 class=\"article__title\">\n<\/h2><\/div>\n<div class=\"article__entry\">\n<p>Que faut-il conclure des annonces d&rsquo;Emmanuel Macron aux Etats G\u00e9n\u00e9raux de l\u2019Alimentation ? Et quel serait l\u2019impact d\u2019une hausse du \u00ab\u00a0seuil de revente \u00e0 perte\u00a0\u00bb, souhait\u00e9e par la FNSEA, les grands de l\u2019agroalimentaire et de la distribution, mais pas les PME ni Leclerc ?<\/p>\n<p>D\u00e9cryptage de Nicolas de la Taste, avocat associ\u00e9 sp\u00e9cialiste de la distribution au sein du cabinet Cornet Vincent S\u00e9gurel.<\/p>\n<p><a href=\"https:\/\/www.usinenouvelle.com\/article\/loi-alimentation-il-faut-surtout-donner-aux-agents-de-la-dgccrf-les-moyens-d-enqueter-et-de-verbaliser.N602268\">Lire l&rsquo;article<\/a><\/p>\n<p>\u00a0<\/p>\n<p>\u00a0<\/p>\n<\/p><\/div>\n<\/article><\/div>\n","protected":false},"excerpt":{"rendered":"<p>Que faut-il conclure des annonces d&rsquo;Emmanuel Macron aux Etats G\u00e9n\u00e9raux de l\u2019Alimentation ? Et quel serait l\u2019impact d\u2019une hausse du \u00ab\u00a0seuil de revente \u00e0 perte\u00a0\u00bb, souhait\u00e9e par la FNSEA, les grands de l\u2019agroalimentaire et de la distribution, mais pas les PME ni Leclerc ? D\u00e9cryptage de Nicolas de la Taste, avocat associ\u00e9 sp\u00e9cialiste de la [&hellip;]<\/p>\n","protected":false},"author":0,"featured_media":2570,"comment_status":"closed","ping_status":"closed","sticky":false,"template":"","format":"standard","meta":{"_acf_changed":false,"footnotes":""},"categories":[15],"tags":[],"class_list":["post-2569","post","type-post","status-publish","format-standard","has-post-thumbnail","hentry","category-publications"],"acf":[],"_links":{"self":[{"href":"https:\/\/www.cvs-avocats.com\/fr\/wp-json\/wp\/v2\/posts\/2569","targetHints":{"allow":["GET"]}}],"collection":[{"href":"https:\/\/www.cvs-avocats.com\/fr\/wp-json\/wp\/v2\/posts"}],"about":[{"href":"https:\/\/www.cvs-avocats.com\/fr\/wp-json\/wp\/v2\/types\/post"}],"replies":[{"embeddable":true,"href":"https:\/\/www.cvs-avocats.com\/fr\/wp-json\/wp\/v2\/comments?post=2569"}],"version-history":[{"count":0,"href":"https:\/\/www.cvs-avocats.com\/fr\/wp-json\/wp\/v2\/posts\/2569\/revisions"}],"wp:featuredmedia":[{"embeddable":true,"href":"https:\/\/www.cvs-avocats.com\/fr\/wp-json\/wp\/v2\/media\/2570"}],"wp:attachment":[{"href":"https:\/\/www.cvs-avocats.com\/fr\/wp-json\/wp\/v2\/media?parent=2569"}],"wp:term":[{"taxonomy":"category","embeddable":true,"href":"https:\/\/www.cvs-avocats.com\/fr\/wp-json\/wp\/v2\/categories?post=2569"},{"taxonomy":"post_tag","embeddable":true,"href":"https:\/\/www.cvs-avocats.com\/fr\/wp-json\/wp\/v2\/tags?post=2569"}],"curies":[{"name":"wp","href":"https:\/\/api.w.org\/{rel}","templated":true}]}}