{"id":2518,"date":"2020-01-13T12:47:21","date_gmt":"2020-01-13T11:47:21","guid":{"rendered":"https:\/\/www.cvs-avocats.com\/la-tribune-fin-des-tarifs-reglementes\/"},"modified":"2020-01-13T12:47:21","modified_gmt":"2020-01-13T11:47:21","slug":"la-tribune-fin-des-tarifs-reglementes","status":"publish","type":"post","link":"https:\/\/www.cvs-avocats.com\/fr\/la-tribune-fin-des-tarifs-reglementes\/","title":{"rendered":"La Tribune &#8211; Fin des tarifs r\u00e9glement\u00e9s : apr\u00e8s le gaz, l\u2019\u00e9lectricit\u00e9 ?"},"content":{"rendered":"<div class=\"section__body\">\n<article class=\"article-normal\">\n<div class=\"article__head\">\n<h2 class=\"article__title\">\n<\/h2><\/div>\n<div class=\"article__entry\">\n<p>La d\u00e9cision rendue par le Conseil d\u2019Etat sur les tarifs r\u00e9glement\u00e9s du gaz pr\u00e9figure une d\u00e9cision similaire concernant ceux de l\u2019\u00e9lectricit\u00e9. Mais dans quels d\u00e9lais, et avec quelles cons\u00e9quences pour le consommateur et pour l\u2019op\u00e9rateur historique ?<br \/>\nInterview de Ren\u00e9-Pierre Andlauer, avocat associ\u00e9.<\/p>\n<p><a href=\"http:\/\/www.latribune.fr\/entreprises-finance\/industrie\/energie-environnement\/fin-des-tarifs-reglementes-apres-le-gaz-l-electricite-744896.html\">Lire l&rsquo;article<\/a><\/p>\n<\/p><\/div>\n<\/article><\/div>\n","protected":false},"excerpt":{"rendered":"<p>La d\u00e9cision rendue par le Conseil d\u2019Etat sur les tarifs r\u00e9glement\u00e9s du gaz pr\u00e9figure une d\u00e9cision similaire concernant ceux de l\u2019\u00e9lectricit\u00e9. Mais dans quels d\u00e9lais, et avec quelles cons\u00e9quences pour le consommateur et pour l\u2019op\u00e9rateur historique ? Interview de Ren\u00e9-Pierre Andlauer, avocat associ\u00e9. Lire l&rsquo;article<\/p>\n","protected":false},"author":0,"featured_media":2519,"comment_status":"closed","ping_status":"closed","sticky":false,"template":"","format":"standard","meta":{"_acf_changed":false,"footnotes":""},"categories":[15],"tags":[],"class_list":["post-2518","post","type-post","status-publish","format-standard","has-post-thumbnail","hentry","category-publications"],"acf":[],"_links":{"self":[{"href":"https:\/\/www.cvs-avocats.com\/fr\/wp-json\/wp\/v2\/posts\/2518","targetHints":{"allow":["GET"]}}],"collection":[{"href":"https:\/\/www.cvs-avocats.com\/fr\/wp-json\/wp\/v2\/posts"}],"about":[{"href":"https:\/\/www.cvs-avocats.com\/fr\/wp-json\/wp\/v2\/types\/post"}],"replies":[{"embeddable":true,"href":"https:\/\/www.cvs-avocats.com\/fr\/wp-json\/wp\/v2\/comments?post=2518"}],"version-history":[{"count":0,"href":"https:\/\/www.cvs-avocats.com\/fr\/wp-json\/wp\/v2\/posts\/2518\/revisions"}],"wp:featuredmedia":[{"embeddable":true,"href":"https:\/\/www.cvs-avocats.com\/fr\/wp-json\/wp\/v2\/media\/2519"}],"wp:attachment":[{"href":"https:\/\/www.cvs-avocats.com\/fr\/wp-json\/wp\/v2\/media?parent=2518"}],"wp:term":[{"taxonomy":"category","embeddable":true,"href":"https:\/\/www.cvs-avocats.com\/fr\/wp-json\/wp\/v2\/categories?post=2518"},{"taxonomy":"post_tag","embeddable":true,"href":"https:\/\/www.cvs-avocats.com\/fr\/wp-json\/wp\/v2\/tags?post=2518"}],"curies":[{"name":"wp","href":"https:\/\/api.w.org\/{rel}","templated":true}]}}